{"id":278797,"date":"2020-11-19T17:44:09","date_gmt":"2020-11-19T16:44:09","guid":{"rendered":"https:\/\/www.radioluna.it\/news\/?p=278797"},"modified":"2020-11-19T17:44:09","modified_gmt":"2020-11-19T16:44:09","slug":"la-didattica-digitale-ai-tempi-della-pandemia-webinar-del-comune-di-latina","status":"publish","type":"post","link":"https:\/\/www.radioluna.it\/news\/2020\/11\/la-didattica-digitale-ai-tempi-della-pandemia-webinar-del-comune-di-latina\/","title":{"rendered":"La didattica digitale ai tempi della pandemia: webinar del Comune di Latina"},"content":{"rendered":"<div id=\"fb-root\"><\/div>\n<p style=\"text-align: justify;\"><strong>LATINA &#8211; <\/strong>&#8220;<strong>La didattica digitale ai tempi della pandemia<\/strong>. Il rapporto tra tecnologia, educazione, opportunit\u00e0 e rischi&#8221;\u00a0 \u00e8 il titolo di un<strong> webinar<\/strong> promosso dal <strong>Comune di Latina<\/strong>, che si terr\u00e0 gioved\u00ec 19 novembre alle 18,30 moderato dall&#8217;assessore alla pubblica Istruzione del Comune di Latina e visibile sulla pagina Fb dell&#8217;Ente e sul canale You Tube.<\/p>\n<p style=\"text-align: justify;\">A parlare del tema attualissimo, il professor Roberto Franchini, docente di metodologie educative per la prevenzione della marginalit\u00e0 dell&#8217;Universit\u00e0 Cattolica; il professor Paolo Diliberto, insegnante di Lettere di Latina e l&#8217;assessora alle politiche giovanili, Cristina Leggio. Modera l&#8217;assessore alla scuola Gianmarco Proietti.<\/p>\n<p style=\"text-align: justify;\">&#8220;Il professor Franchini considera il passaggio alla didattica digitale, un cambio di paradigma della stessa portata di quello prodotto dall&#8217;invenzione della stampa: prima si pass\u00f2 dalla forma orale allo studio cartaceo e ora dal cartaceo al digitale. Questo passaggio pu\u00f2 avere successo non se si agisce come singoli, ma se si mette insieme tutta la comunit\u00e0: scuole, insegnanti, dirigenti, associazioni, ognuno nelle sue professionalit\u00e0. Quello che va costruito \u00e8 un piano dell&#8217;offerta formativa territoriale&#8221;, spiega Proietti.<\/p>\n<p><strong>L&#8217;AUDIO\u00a0<\/strong><\/p>\n<audio class=\"wp-audio-shortcode\" id=\"audio-278797-1\" preload=\"none\" style=\"width: 100%;\" controls=\"controls\"><source type=\"audio\/mpeg\" src=\"https:\/\/www.radioluna.it\/news\/wp-content\/uploads\/2020\/11\/proietti-webinar.mp3?_=1\" \/><a href=\"https:\/\/www.radioluna.it\/news\/wp-content\/uploads\/2020\/11\/proietti-webinar.mp3\">https:\/\/www.radioluna.it\/news\/wp-content\/uploads\/2020\/11\/proietti-webinar.mp3<\/a><\/audio>\n","protected":false},"excerpt":{"rendered":"<p>LATINA &#8211; &#8220;La didattica digitale ai tempi della pandemia. Il rapporto tra tecnologia, educazione, opportunit\u00e0 e rischi&#8221;\u00a0 \u00e8 il titolo di un webinar promosso dal Comune di Latina, che si terr\u00e0 gioved\u00ec 19 novembre alle 18,30 moderato dall&#8217;assessore alla pubblica Istruzione del Comune di Latina e visibile sulla pagina Fb dell&#8217;Ente e sul canale You [&hellip;]<\/p>\n","protected":false},"author":62,"featured_media":278800,"comment_status":"open","ping_status":"open","sticky":false,"template":"","format":"standard","meta":{"footnotes":""},"categories":[2310,2775],"tags":[],"class_list":["post-278797","post","type-post","status-publish","format-standard","has-post-thumbnail","hentry","category-audio","category-societa"],"_links":{"self":[{"href":"https:\/\/www.radioluna.it\/news\/wp-json\/wp\/v2\/posts\/278797","targetHints":{"allow":["GET"]}}],"collection":[{"href":"https:\/\/www.radioluna.it\/news\/wp-json\/wp\/v2\/posts"}],"about":[{"href":"https:\/\/www.radioluna.it\/news\/wp-json\/wp\/v2\/types\/post"}],"author":[{"embeddable":true,"href":"https:\/\/www.radioluna.it\/news\/wp-json\/wp\/v2\/users\/62"}],"replies":[{"embeddable":true,"href":"https:\/\/www.radioluna.it\/news\/wp-json\/wp\/v2\/comments?post=278797"}],"version-history":[{"count":0,"href":"https:\/\/www.radioluna.it\/news\/wp-json\/wp\/v2\/posts\/278797\/revisions"}],"wp:featuredmedia":[{"embeddable":true,"href":"https:\/\/www.radioluna.it\/news\/wp-json\/wp\/v2\/media\/278800"}],"wp:attachment":[{"href":"https:\/\/www.radioluna.it\/news\/wp-json\/wp\/v2\/media?parent=278797"}],"wp:term":[{"taxonomy":"category","embeddable":true,"href":"https:\/\/www.radioluna.it\/news\/wp-json\/wp\/v2\/categories?post=278797"},{"taxonomy":"post_tag","embeddable":true,"href":"https:\/\/www.radioluna.it\/news\/wp-json\/wp\/v2\/tags?post=278797"}],"curies":[{"name":"wp","href":"https:\/\/api.w.org\/{rel}","templated":true}]}}