{"id":279020,"date":"2020-11-23T18:36:30","date_gmt":"2020-11-23T17:36:30","guid":{"rendered":"https:\/\/www.radioluna.it\/news\/?p=279020"},"modified":"2020-11-26T20:06:05","modified_gmt":"2020-11-26T19:06:05","slug":"latina-video-installazione-a-piazza-san-marco-larte-a-sostegno-delle-donne","status":"publish","type":"post","link":"https:\/\/www.radioluna.it\/news\/2020\/11\/latina-video-installazione-a-piazza-san-marco-larte-a-sostegno-delle-donne\/","title":{"rendered":"Latina, video installazione a piazza San Marco, l\u2019arte a sostegno delle donne"},"content":{"rendered":"<div id=\"fb-root\"><\/div>\n<p style=\"text-align: justify;\">Mercoled\u00ec 25 novembre, alle ore 17.30, sar\u00e0 allestita in piazza San Marco la video installazione \u201cShutdown\u201d realizzata dall\u2019Archivio Storico Istituto Luce con una selezione delle foto provenienti dalla call \u201cLife in the time of coronavirus\u201d promossa da Roma Fotografia in collaborazione con la rivista IL FOTOGRAFO, il Festival della fotografia Etica di Lodi e The Walkman Magazine.<\/p>\n<p style=\"text-align: justify;\">L\u2019iniziativa, promossa dall\u2019Assessora alle Politiche di Welfare e Pari Opportunit\u00e0 Patrizia Ciccarelli e dall\u2019Assessore alla Cultura Silvio Di Francia, su input del Consigliere Delegato alla promozione dell\u2019Arte Contemporanea Fabio D\u2019Achille, vuole lanciare, attraverso l\u2019arte, un segnale forte a sostegno delle donne vittime di violenza proprio in occasione della Giornata internazionale contro la violenza sulle donne.<\/p>\n<p style=\"text-align: justify;\">\u201cShutdown\u201d \u00e8 una proiezione di foto che parlano di vuoti, di silenzi, di incomunicabilit\u00e0. Tra i 10mila scatti inviati al concorso \u00e8 immediato il richiamo ad una brutale violenza fisica o mentale, tanto che queste immagini sembrano quasi pi\u00f9 una richiesta di aiuto che semplici fotografie.<\/p>\n<p style=\"text-align: justify;\">La video installazione verr\u00e0 curata, con il supporto tecnico di Mixintime, dal Soroptimist Club di Latina che, con il patrocinio del Comune, ha promosso nel capoluogo pontino la campagna nazionale \u201cOrange the World\u201d, finalizzata alla promozione dell\u2019uguaglianza di genere\u00a0e dell\u2019empowerment\u00a0femminile.<\/p>\n","protected":false},"excerpt":{"rendered":"<p>Mercoled\u00ec 25 novembre, alle ore 17.30, sar\u00e0 allestita in piazza San Marco la video installazione \u201cShutdown\u201d realizzata dall\u2019Archivio Storico Istituto Luce con una selezione delle foto provenienti dalla call \u201cLife in the time of coronavirus\u201d promossa da Roma Fotografia in collaborazione con la rivista IL FOTOGRAFO, il Festival della fotografia Etica di Lodi e The [&hellip;]<\/p>\n","protected":false},"author":60,"featured_media":237338,"comment_status":"open","ping_status":"open","sticky":false,"template":"","format":"standard","meta":{"footnotes":""},"categories":[16],"tags":[],"class_list":["post-279020","post","type-post","status-publish","format-standard","has-post-thumbnail","hentry","category-appuntamenti"],"_links":{"self":[{"href":"https:\/\/www.radioluna.it\/news\/wp-json\/wp\/v2\/posts\/279020","targetHints":{"allow":["GET"]}}],"collection":[{"href":"https:\/\/www.radioluna.it\/news\/wp-json\/wp\/v2\/posts"}],"about":[{"href":"https:\/\/www.radioluna.it\/news\/wp-json\/wp\/v2\/types\/post"}],"author":[{"embeddable":true,"href":"https:\/\/www.radioluna.it\/news\/wp-json\/wp\/v2\/users\/60"}],"replies":[{"embeddable":true,"href":"https:\/\/www.radioluna.it\/news\/wp-json\/wp\/v2\/comments?post=279020"}],"version-history":[{"count":0,"href":"https:\/\/www.radioluna.it\/news\/wp-json\/wp\/v2\/posts\/279020\/revisions"}],"wp:featuredmedia":[{"embeddable":true,"href":"https:\/\/www.radioluna.it\/news\/wp-json\/wp\/v2\/media\/237338"}],"wp:attachment":[{"href":"https:\/\/www.radioluna.it\/news\/wp-json\/wp\/v2\/media?parent=279020"}],"wp:term":[{"taxonomy":"category","embeddable":true,"href":"https:\/\/www.radioluna.it\/news\/wp-json\/wp\/v2\/categories?post=279020"},{"taxonomy":"post_tag","embeddable":true,"href":"https:\/\/www.radioluna.it\/news\/wp-json\/wp\/v2\/tags?post=279020"}],"curies":[{"name":"wp","href":"https:\/\/api.w.org\/{rel}","templated":true}]}}