{"id":279300,"date":"2020-11-26T17:29:49","date_gmt":"2020-11-26T16:29:49","guid":{"rendered":"https:\/\/www.radioluna.it\/news\/?p=279300"},"modified":"2020-11-27T12:33:43","modified_gmt":"2020-11-27T11:33:43","slug":"pedemontana-di-formia-trano-tutti-uniti-per-sostenere-lemendamento","status":"publish","type":"post","link":"https:\/\/www.radioluna.it\/news\/2020\/11\/pedemontana-di-formia-trano-tutti-uniti-per-sostenere-lemendamento\/","title":{"rendered":"Pedemontana di Formia, Trano: &#8220;Tutti uniti per sostenere l&#8217;emendamento&#8221;"},"content":{"rendered":"<div id=\"fb-root\"><\/div>\n<p style=\"text-align: justify;\"><strong>FORMIA\u00a0<\/strong> &#8211; Tutti uniti per sostenere la Pedemontana di Formia. L&#8217;appello arriva dal Parlamentare del Sud\u00a0 Pontino, Raffaele Trano.<\/p>\n<p style=\"text-align: justify;\">&#8220;Il mio appello per la Pedemontana di Formia non \u00e8 caduto nel vuoto. Hanno accettato di sottoscrivere l&#8217;emendamento che ho presentato alla Legge di bilancio, finalizzato a ottenere i finanziamenti che mancano per la realizzazione di un&#8217;opera cos\u00ec importante per far uscire il basso Lazio dall&#8217;isolamento, i colleghi Francesco Zicchieri e Claudio Durigon. Quando c&#8217;\u00e8 in gioco il futuro del territorio non ci possono essere divisioni dovute alle diverse appartenenze politiche e bisogna lavorare uniti. Meno polemiche e tutti compatti per far s\u00ec che un&#8217;infrastruttura fondamentale, attesa ormai da troppi anni, non resti un sogno. Ho gi\u00e0 detto che non mi interessa che l&#8217;emendamento sia l&#8217;emendamento Trano, bens\u00ec un&#8217;iniziativa corale ad esclusivo vantaggio del sud pontino e della sua gente. Dopo aver ottenuto l&#8217;appoggio di Zicchieri e Durigon, che ringrazio, spero ora che accettino l&#8217;invito da me rivolto anche i colleghi Giorgia Meloni, Paolo Barelli, Claudio Fazzone, Marinella Pacifico e Nicola Calandrini. Il basso Lazio ha enormi potenzialit\u00e0 e non pu\u00f2 essere condannato all&#8217;isolamento&#8221; spiega l&#8217;onorevole\u00a0 membro della Commissione finanze alla Camera.<\/p>\n<div class=\"radio-posizionamento-telefono-in-articoli-dopo-il-contenuto-articolo radio-entity-placement\" id=\"radio-1298886890\"><div id=\"radio-2936551711\"><a href=\"https:\/\/www.simeoneceramiche.com\/\" aria-label=\"SIMEONE CERAMICHE GIF animata per radioluna_Tavola disegno 1 copia 2 (online-video-cutter.com)\"><img loading=\"lazy\" decoding=\"async\" src=\"https:\/\/www.radioluna.it\/news\/wp-content\/uploads\/2025\/05\/SIMEONE-CERAMICHE-GIF-animata-per-radioluna_Tavola-disegno-1-copia-2-online-video-cutter.com_.gif\" alt=\"\"  width=\"300\" height=\"250\"   \/><\/a><\/div><\/div>","protected":false},"excerpt":{"rendered":"<p>FORMIA\u00a0 &#8211; Tutti uniti per sostenere la Pedemontana di Formia. L&#8217;appello arriva dal Parlamentare del Sud\u00a0 Pontino, Raffaele Trano. &#8220;Il mio appello per la Pedemontana di Formia non \u00e8 caduto nel vuoto. Hanno accettato di sottoscrivere l&#8217;emendamento che ho presentato alla Legge di bilancio, finalizzato a ottenere i finanziamenti che mancano per la realizzazione di [&hellip;]<\/p>\n","protected":false},"author":62,"featured_media":0,"comment_status":"open","ping_status":"open","sticky":false,"template":"","format":"standard","meta":{"footnotes":""},"categories":[8],"tags":[],"class_list":["post-279300","post","type-post","status-publish","format-standard","hentry","category-politica"],"_links":{"self":[{"href":"https:\/\/www.radioluna.it\/news\/wp-json\/wp\/v2\/posts\/279300","targetHints":{"allow":["GET"]}}],"collection":[{"href":"https:\/\/www.radioluna.it\/news\/wp-json\/wp\/v2\/posts"}],"about":[{"href":"https:\/\/www.radioluna.it\/news\/wp-json\/wp\/v2\/types\/post"}],"author":[{"embeddable":true,"href":"https:\/\/www.radioluna.it\/news\/wp-json\/wp\/v2\/users\/62"}],"replies":[{"embeddable":true,"href":"https:\/\/www.radioluna.it\/news\/wp-json\/wp\/v2\/comments?post=279300"}],"version-history":[{"count":0,"href":"https:\/\/www.radioluna.it\/news\/wp-json\/wp\/v2\/posts\/279300\/revisions"}],"wp:attachment":[{"href":"https:\/\/www.radioluna.it\/news\/wp-json\/wp\/v2\/media?parent=279300"}],"wp:term":[{"taxonomy":"category","embeddable":true,"href":"https:\/\/www.radioluna.it\/news\/wp-json\/wp\/v2\/categories?post=279300"},{"taxonomy":"post_tag","embeddable":true,"href":"https:\/\/www.radioluna.it\/news\/wp-json\/wp\/v2\/tags?post=279300"}],"curies":[{"name":"wp","href":"https:\/\/api.w.org\/{rel}","templated":true}]}}