{"id":279344,"date":"2020-11-27T12:11:16","date_gmt":"2020-11-27T11:11:16","guid":{"rendered":"https:\/\/www.radioluna.it\/news\/?p=279344"},"modified":"2020-11-27T12:11:16","modified_gmt":"2020-11-27T11:11:16","slug":"aldo-manuzio-e-bassiano-nel-nuovo-libro-di-marzo-magno-dedicato-allinventore-dei-libri","status":"publish","type":"post","link":"https:\/\/www.radioluna.it\/news\/2020\/11\/aldo-manuzio-e-bassiano-nel-nuovo-libro-di-marzo-magno-dedicato-allinventore-dei-libri\/","title":{"rendered":"Aldo Manuzio (e Bassiano) nel nuovo libro di Marzo Magno dedicato all&#8217;inventore dei libri"},"content":{"rendered":"<div id=\"fb-root\"><\/div>\n<p style=\"text-align: justify;\"><strong>LATINA &#8211;\u00a0 <\/strong>E&#8217; in libreria da qualche giorno \u201cL\u2019inventore di libri. Aldo Manuzio, Venezia e il suo tempo\u201d (ed Laterza), ultimo libro di Alessandro Marzo Magno gi\u00e0 autore de L&#8217;Alba dei Libri Quando Venezia fece leggere il Mondo, entrambi dedicati alla figura del cittadino di Bassiano (dove nacque nel 1449) emigrato a Venezia e &#8220;padre&#8221; del libro in formato tascabile.<\/p>\n<p style=\"text-align: justify;\">Oltre ai natali pontini del protagonista, c&#8217;\u00e8 dell&#8217;altro che lega queste 224 pagine\u00a0 (ottimamente recensite dalla critica) al territorio della provincia di Latina: una visita che Marzo Magno ha fatto a Bassiano, tre anni fa, invitato dall&#8217;imprenditore Gaetano Salvagni, per conoscere da vicino la citt\u00e0 dove Manuzio nacque, i luoghi che frequent\u00f2 e che presto lasci\u00f2 per conoscere il mondo. Una visita guidata dall&#8217;insegnante\u00a0 Mattia Pacilli, autore del libro Viaggio nella cittadella europea di Bassiano e profondo conoscitore della citt\u00e0, e conclusasi con un pranzo a base di prodotti tipici al quale ha preso parte anche il sindaco Domenico Guidi.<\/p>\n<p style=\"text-align: justify;\">&#8220;Forse non lo sapete &#8211; racconta Marzo Magno nel libro segu\u00ecto a quella visita e ad approfonditi studi &#8211;\u00a0 ma il piccolo oggetto che avete in mano, cos\u00ec maneggevole, chiaramente stampato, dai caratteri eleganti, corredato da un frontespizio e da un indice, deve quasi tutto al genio di Aldo Manuzio, che cinque secoli fa ha rivoluzionato il modo di realizzare i libri e ha reso possibile il piacere di leggere&#8221;.<\/p>\n<p style=\"text-align: justify;\">Con Manuzio &#8220;se prima si leggeva per necessit\u00e0 (e lo si faceva a voce alta), da quel momento leggere diventa un piacere a cui dedicarsi nel silenzio dell\u2019intimit\u00e0. E non finisce qui. Manuzio, con il suo amico Pietro Bembo, importa nel volgare italiano i segni di interpunzione che erano utilizzati soltanto nel greco antico: accenti, apostrofi, virgole uncinate e punto e virgola. Quando muore, nel 1515, il mondo del libro \u00e8 definitivamente cambiato&#8221;, conclude Alessandro Marzo Magno ricostruendo le tappe della straordinaria carriera di questo illustre pontino.<\/p>\n<p>&nbsp;<\/p>\n","protected":false},"excerpt":{"rendered":"<p>LATINA &#8211;\u00a0 E&#8217; in libreria da qualche giorno \u201cL\u2019inventore di libri. Aldo Manuzio, Venezia e il suo tempo\u201d (ed Laterza), ultimo libro di Alessandro Marzo Magno gi\u00e0 autore de L&#8217;Alba dei Libri Quando Venezia fece leggere il Mondo, entrambi dedicati alla figura del cittadino di Bassiano (dove nacque nel 1449) emigrato a Venezia e &#8220;padre&#8221; [&hellip;]<\/p>\n","protected":false},"author":62,"featured_media":279345,"comment_status":"open","ping_status":"open","sticky":false,"template":"","format":"standard","meta":{"footnotes":""},"categories":[2424],"tags":[],"class_list":["post-279344","post","type-post","status-publish","format-standard","has-post-thumbnail","hentry","category-i-nostri-libri"],"_links":{"self":[{"href":"https:\/\/www.radioluna.it\/news\/wp-json\/wp\/v2\/posts\/279344","targetHints":{"allow":["GET"]}}],"collection":[{"href":"https:\/\/www.radioluna.it\/news\/wp-json\/wp\/v2\/posts"}],"about":[{"href":"https:\/\/www.radioluna.it\/news\/wp-json\/wp\/v2\/types\/post"}],"author":[{"embeddable":true,"href":"https:\/\/www.radioluna.it\/news\/wp-json\/wp\/v2\/users\/62"}],"replies":[{"embeddable":true,"href":"https:\/\/www.radioluna.it\/news\/wp-json\/wp\/v2\/comments?post=279344"}],"version-history":[{"count":0,"href":"https:\/\/www.radioluna.it\/news\/wp-json\/wp\/v2\/posts\/279344\/revisions"}],"wp:featuredmedia":[{"embeddable":true,"href":"https:\/\/www.radioluna.it\/news\/wp-json\/wp\/v2\/media\/279345"}],"wp:attachment":[{"href":"https:\/\/www.radioluna.it\/news\/wp-json\/wp\/v2\/media?parent=279344"}],"wp:term":[{"taxonomy":"category","embeddable":true,"href":"https:\/\/www.radioluna.it\/news\/wp-json\/wp\/v2\/categories?post=279344"},{"taxonomy":"post_tag","embeddable":true,"href":"https:\/\/www.radioluna.it\/news\/wp-json\/wp\/v2\/tags?post=279344"}],"curies":[{"name":"wp","href":"https:\/\/api.w.org\/{rel}","templated":true}]}}