{"id":279381,"date":"2020-11-28T11:27:47","date_gmt":"2020-11-28T10:27:47","guid":{"rendered":"https:\/\/www.radioluna.it\/news\/?p=279381"},"modified":"2020-11-28T17:27:31","modified_gmt":"2020-11-28T16:27:31","slug":"latina-sacerdoti-in-quarantena-a-san-marco-dopo-due-casi-positivi-al-covid-19","status":"publish","type":"post","link":"https:\/\/www.radioluna.it\/news\/2020\/11\/latina-sacerdoti-in-quarantena-a-san-marco-dopo-due-casi-positivi-al-covid-19\/","title":{"rendered":"Latina, sacerdoti in quarantena a San Marco dopo due casi positivi al Covid-19"},"content":{"rendered":"<div id=\"fb-root\"><\/div>\n<p style=\"text-align: justify;\"><strong>LATINA<\/strong> &#8211; Due casi positivi al Covid-19 tra i sacerdoti della <strong>Cattedrale di\u00a0 San Marco<\/strong>, il primo emerso una settimana fa e un secondo poco dopo e gli altri quattro, tra cui il parroco Don Francesco, sono stati posti in quarantena dalla Asl di Latina in via cautelativa. I due contagiati stanno bene per il momento e vengono seguiti a distanza, e i salesiani sono in contumacia sono nelle loro abitazioni all&#8217;interno del complesso.<\/p>\n<p style=\"text-align: justify;\">Proseguono invece autorizzate dalla Curia, sentite le autorit\u00e0 sanitarie, le Messe celebrate a turno da sacerdoti di altre parrocchie che si sono organizzati sotto il coordinamento del vicario foraneo Don Gianni Toni. &#8220;Stiamo fortunatamente tutti bene e luned\u00ec, finita la quarantena\u00a0 faremo il tampone. Continuano\u00a0 anche le attivit\u00e0 consentite all&#8217;interno dell&#8217;oratorio, il cui cortile \u00e8 chiuso da tempo per le disposizioni anticovid. Prosegue quindi anche l&#8217;attivit\u00e0 di catechesi nel rispetto delle norme di sicurezza&#8221;, ha detto<strong> il parroco Don Francesco Pampinella.<\/strong><\/p>\n<p style=\"text-align: justify;\"><strong>Il vescovo Mariano Crociata<\/strong> che <strong>domani a San Marco celebrer\u00e0 la Messa delle 11<\/strong> ha sentito i sacerdoti per informarsi sulla loro condizione di salute e fare loro gli auguri di pronta guarigione.<\/p>\n","protected":false},"excerpt":{"rendered":"<p>LATINA &#8211; Due casi positivi al Covid-19 tra i sacerdoti della Cattedrale di\u00a0 San Marco, il primo emerso una settimana fa e un secondo poco dopo e gli altri quattro, tra cui il parroco Don Francesco, sono stati posti in quarantena dalla Asl di Latina in via cautelativa. I due contagiati stanno bene per il [&hellip;]<\/p>\n","protected":false},"author":62,"featured_media":279391,"comment_status":"open","ping_status":"open","sticky":false,"template":"","format":"standard","meta":{"footnotes":""},"categories":[7],"tags":[],"class_list":["post-279381","post","type-post","status-publish","format-standard","has-post-thumbnail","hentry","category-cronaca"],"_links":{"self":[{"href":"https:\/\/www.radioluna.it\/news\/wp-json\/wp\/v2\/posts\/279381","targetHints":{"allow":["GET"]}}],"collection":[{"href":"https:\/\/www.radioluna.it\/news\/wp-json\/wp\/v2\/posts"}],"about":[{"href":"https:\/\/www.radioluna.it\/news\/wp-json\/wp\/v2\/types\/post"}],"author":[{"embeddable":true,"href":"https:\/\/www.radioluna.it\/news\/wp-json\/wp\/v2\/users\/62"}],"replies":[{"embeddable":true,"href":"https:\/\/www.radioluna.it\/news\/wp-json\/wp\/v2\/comments?post=279381"}],"version-history":[{"count":0,"href":"https:\/\/www.radioluna.it\/news\/wp-json\/wp\/v2\/posts\/279381\/revisions"}],"wp:featuredmedia":[{"embeddable":true,"href":"https:\/\/www.radioluna.it\/news\/wp-json\/wp\/v2\/media\/279391"}],"wp:attachment":[{"href":"https:\/\/www.radioluna.it\/news\/wp-json\/wp\/v2\/media?parent=279381"}],"wp:term":[{"taxonomy":"category","embeddable":true,"href":"https:\/\/www.radioluna.it\/news\/wp-json\/wp\/v2\/categories?post=279381"},{"taxonomy":"post_tag","embeddable":true,"href":"https:\/\/www.radioluna.it\/news\/wp-json\/wp\/v2\/tags?post=279381"}],"curies":[{"name":"wp","href":"https:\/\/api.w.org\/{rel}","templated":true}]}}