{"id":279479,"date":"2020-11-30T16:27:39","date_gmt":"2020-11-30T15:27:39","guid":{"rendered":"https:\/\/www.radioluna.it\/news\/?p=279479"},"modified":"2020-11-30T16:27:39","modified_gmt":"2020-11-30T15:27:39","slug":"latina-in-consiglio-provinciale-approvati-tutti-i-punti-allordine-del-giorno","status":"publish","type":"post","link":"https:\/\/www.radioluna.it\/news\/2020\/11\/latina-in-consiglio-provinciale-approvati-tutti-i-punti-allordine-del-giorno\/","title":{"rendered":"Latina, in consiglio provinciale approvati tutti i punti all&#8217;ordine del giorno"},"content":{"rendered":"<div id=\"fb-root\"><\/div>\n<p style=\"text-align: justify;\"><strong>LATINA &#8211;<\/strong> Il Consiglio provinciale si \u00e8 riunito questa mattina ed ha approvato all\u2019unanimit\u00e0 tutti i punti inseriti all\u2019ordine del giorno. L\u2019assise ha dato il via libera al Bilancio Consolidato 2019, documento consuntivo di esercizio che definisce la situazione economica, patrimoniale e finanziaria di un soggetto. L&#8217;ente locale funge da capofila e aggrega\u00a0 i numeri del proprio bilancio con quelli dei bilanci delle societ\u00e0 controllate o partecipate come ha illustrato in aula il dirigente Francesco Carissimo. Lo stato patrimoniale del Bilancio consolidato dell\u2019ente di via Costa ammonta a 307 milioni di euro dei quali 302 della Provincia e il restante delle due societ\u00e0 partecipate, Consorzio Industriale Roma-Latina e Latina Formazione.\u00a0Di queste due societ\u00e0 viene mantenuta la partecipazione ed \u00e8 stato approvato, nell\u2019ambito della ricognizione ordinaria delle partecipazioni societarie, anche il reinserimento tra le partecipate della Compagnia dei Lepini il cui Bilancio 2019 \u00e8 in attivo. La Compagnia svolge infatti attivit\u00e0 pienamente compatibili con il ruolo della Provincia quale quello, come ha sottolineato il presidente Carlo Medici, \u201cdi promozione e conoscenza del territorio, funzione fondamentale per questo ente\u201d.<\/p>\n<p style=\"text-align: justify;\">Il Consiglio ha dato il via libera ad alcune modifiche dello Statuto del Comitato Sabaudia MMXX, modifiche illustrate dal presidente Medici. \u201cL\u2019organismo nato per gestire gli eventi della coppa del Mondo di canottaggio \u2013 ha spiegato &#8211; appuntamento che \u00e8 saltato, in realt\u00e0 sar\u00e0 chiamato ad occuparsi di molte altre competizioni e regate da ospitare sul lago di Paola per le quali fortunatamente sono arrivate richieste. La modifica alla Statuto allunga quindi i poteri del Comitato e ne prolunga l\u2019esistenza almeno fino al 2025\u201d.<\/p>\n<p style=\"text-align: justify;\">Approvato anche il dimensionamento della rete scolastica provinciale per l\u2019anno 2021\/2022 illustrato dal dirigente al ramo Ciro Ambrosino. L\u2019ente ha recepito e accolto tutte le richieste dagli istituti della provincia per l\u2019attivazione di nuovi indirizzi formativi, alcuni dei quali per corsi serali. Quelli non serali, nel dettaglio, riguardano il \u2018Rosselli\u2019 di Aprilia, il \u2018Pacinotti\u2019 e il \u2018Gobetti\/De Libero\u2019 di Fondi, il \u2018Filangieri\u2019 di Formia, il \u2018Fermi\u2019 di Gaeta, il \u2018Vittorio Veneto\/Salvemini\u2019 e il liceo classico \u2018Alighieri\u2019 di Latina, il \u2018Filosi\u2019 di Terracina.<\/p>\n","protected":false},"excerpt":{"rendered":"<p>LATINA &#8211; Il Consiglio provinciale si \u00e8 riunito questa mattina ed ha approvato all\u2019unanimit\u00e0 tutti i punti inseriti all\u2019ordine del giorno. L\u2019assise ha dato il via libera al Bilancio Consolidato 2019, documento consuntivo di esercizio che definisce la situazione economica, patrimoniale e finanziaria di un soggetto. L&#8217;ente locale funge da capofila e aggrega\u00a0 i numeri [&hellip;]<\/p>\n","protected":false},"author":60,"featured_media":269778,"comment_status":"open","ping_status":"open","sticky":false,"template":"","format":"standard","meta":{"footnotes":""},"categories":[8],"tags":[],"class_list":["post-279479","post","type-post","status-publish","format-standard","has-post-thumbnail","hentry","category-politica"],"_links":{"self":[{"href":"https:\/\/www.radioluna.it\/news\/wp-json\/wp\/v2\/posts\/279479","targetHints":{"allow":["GET"]}}],"collection":[{"href":"https:\/\/www.radioluna.it\/news\/wp-json\/wp\/v2\/posts"}],"about":[{"href":"https:\/\/www.radioluna.it\/news\/wp-json\/wp\/v2\/types\/post"}],"author":[{"embeddable":true,"href":"https:\/\/www.radioluna.it\/news\/wp-json\/wp\/v2\/users\/60"}],"replies":[{"embeddable":true,"href":"https:\/\/www.radioluna.it\/news\/wp-json\/wp\/v2\/comments?post=279479"}],"version-history":[{"count":0,"href":"https:\/\/www.radioluna.it\/news\/wp-json\/wp\/v2\/posts\/279479\/revisions"}],"wp:featuredmedia":[{"embeddable":true,"href":"https:\/\/www.radioluna.it\/news\/wp-json\/wp\/v2\/media\/269778"}],"wp:attachment":[{"href":"https:\/\/www.radioluna.it\/news\/wp-json\/wp\/v2\/media?parent=279479"}],"wp:term":[{"taxonomy":"category","embeddable":true,"href":"https:\/\/www.radioluna.it\/news\/wp-json\/wp\/v2\/categories?post=279479"},{"taxonomy":"post_tag","embeddable":true,"href":"https:\/\/www.radioluna.it\/news\/wp-json\/wp\/v2\/tags?post=279479"}],"curies":[{"name":"wp","href":"https:\/\/api.w.org\/{rel}","templated":true}]}}