{"id":279645,"date":"2020-12-01T19:04:34","date_gmt":"2020-12-01T18:04:34","guid":{"rendered":"https:\/\/www.radioluna.it\/news\/?p=279645"},"modified":"2020-12-03T19:14:15","modified_gmt":"2020-12-03T18:14:15","slug":"rio-martino-progetto-di-dragaggio-approvato-da-latina-e-sabaudia","status":"publish","type":"post","link":"https:\/\/www.radioluna.it\/news\/2020\/12\/rio-martino-progetto-di-dragaggio-approvato-da-latina-e-sabaudia\/","title":{"rendered":"Rio Martino, progetto di dragaggio approvato da Latina e Sabaudia"},"content":{"rendered":"<div id=\"fb-root\"><\/div>\n<p>(foto di Sebastiano Cudicio)<\/p>\n<p style=\"text-align: justify;\"><strong>LATINA &#8211;<\/strong> E&#8217; stato approvato dalle giunte comunali dei comuni di\u00a0 Latina e Sabaudia il progetto relativo all\u2019avvio dei lavori di escavazione della foce del canale di Rio Martino. Un passaggio importante per l&#8217;avio lavori.<br \/>\n&#8220;Come previsto dal Protocollo &#8211; spiegano dal Comune &#8211;\u00a0 Latina in qualit\u00e0 di Ente capofila, si \u00e8 fatta carico della redazione del progetto che \u00e8 stato approvato ieri dalle due Giunte comunali e che prevede, nella prima fase, l\u2019esecuzione di lavori in emergenza consistenti nell\u2019apertura del passo marittimo. Questo permetter\u00e0 la ripresa della navigazione in entrata e in uscita in condizioni di sicurezza&#8221;.<br \/>\nPreviste anche la campionatura della sabbia, la realizzazione del secondo stralcio funzionale dei lavori relativamente al dragaggio e all\u2019eventuale ripascimento sottoflutto delle sabbie caratterizzate.<\/p>\n","protected":false},"excerpt":{"rendered":"<p>(foto di Sebastiano Cudicio) LATINA &#8211; E&#8217; stato approvato dalle giunte comunali dei comuni di\u00a0 Latina e Sabaudia il progetto relativo all\u2019avvio dei lavori di escavazione della foce del canale di Rio Martino. Un passaggio importante per l&#8217;avio lavori. &#8220;Come previsto dal Protocollo &#8211; spiegano dal Comune &#8211;\u00a0 Latina in qualit\u00e0 di Ente capofila, si [&hellip;]<\/p>\n","protected":false},"author":62,"featured_media":279646,"comment_status":"open","ping_status":"open","sticky":false,"template":"","format":"standard","meta":{"footnotes":""},"categories":[2403],"tags":[],"class_list":["post-279645","post","type-post","status-publish","format-standard","has-post-thumbnail","hentry","category-le-cose-in-comune"],"_links":{"self":[{"href":"https:\/\/www.radioluna.it\/news\/wp-json\/wp\/v2\/posts\/279645","targetHints":{"allow":["GET"]}}],"collection":[{"href":"https:\/\/www.radioluna.it\/news\/wp-json\/wp\/v2\/posts"}],"about":[{"href":"https:\/\/www.radioluna.it\/news\/wp-json\/wp\/v2\/types\/post"}],"author":[{"embeddable":true,"href":"https:\/\/www.radioluna.it\/news\/wp-json\/wp\/v2\/users\/62"}],"replies":[{"embeddable":true,"href":"https:\/\/www.radioluna.it\/news\/wp-json\/wp\/v2\/comments?post=279645"}],"version-history":[{"count":0,"href":"https:\/\/www.radioluna.it\/news\/wp-json\/wp\/v2\/posts\/279645\/revisions"}],"wp:featuredmedia":[{"embeddable":true,"href":"https:\/\/www.radioluna.it\/news\/wp-json\/wp\/v2\/media\/279646"}],"wp:attachment":[{"href":"https:\/\/www.radioluna.it\/news\/wp-json\/wp\/v2\/media?parent=279645"}],"wp:term":[{"taxonomy":"category","embeddable":true,"href":"https:\/\/www.radioluna.it\/news\/wp-json\/wp\/v2\/categories?post=279645"},{"taxonomy":"post_tag","embeddable":true,"href":"https:\/\/www.radioluna.it\/news\/wp-json\/wp\/v2\/tags?post=279645"}],"curies":[{"name":"wp","href":"https:\/\/api.w.org\/{rel}","templated":true}]}}