{"id":279748,"date":"2020-12-02T19:20:52","date_gmt":"2020-12-02T18:20:52","guid":{"rendered":"https:\/\/www.radioluna.it\/news\/?p=279748"},"modified":"2020-12-12T12:09:35","modified_gmt":"2020-12-12T11:09:35","slug":"elettra-ortu-la-barbera-e-il-nuovo-segretario-di-latina-bene-comune","status":"publish","type":"post","link":"https:\/\/www.radioluna.it\/news\/2020\/12\/elettra-ortu-la-barbera-e-il-nuovo-segretario-di-latina-bene-comune\/","title":{"rendered":"Elettra Ortu La Barbera \u00e8 il nuovo Segretario di Latina Bene Comune"},"content":{"rendered":"<div id=\"fb-root\"><\/div>\n<p style=\"text-align: justify;\"><strong>LATINA<\/strong> &#8211; <strong>Elettra Ortu La Barbera \u00e8 il nuovo segretario di Latina Bene Comune, la prima donna alla guida del Movimento che sostiene il sindaco di Latina Damiano Coletta<\/strong>. L&#8217;elezione \u00e8 avvenuta oggi con voto con line come obbligato dalle norme anti-covid e senza problemi, sostenuta dagli iscritti che hanno approvato immediatamente la candidatura presentata nei giorni scorsi dopo le dimissioni di Francesco Giri.<\/p>\n<p style=\"text-align: justify;\">\u201cHo accettato questo incarico \u2013 spiega l&#8217;ematologa ringraziando tutto il Movimento per la fiducia accordatale \u2013 perch\u00e9 ritengo molto importante <strong>il ruolo di LBC nel cambiamento di questa citt\u00e0<\/strong>. \u00c8 un processo che \u00e8 solo nella sua prima fase, ormai completata, e che adesso permette di porre le basi per il futuro. Stiamo gi\u00e0 verificando, e verificheremo ancora di pi\u00f9 nei prossimi giorni e nelle prossime settimane, <strong>la possibilit\u00e0 di ampliare attraverso il confronto con le forze moderate e progressiste<\/strong>, il progetto di cui LBC \u00e8 forza centrale e promotrice. Sono onorata e sento una grande responsabilit\u00e0 per il momento che stiamo vivendo a causa della pandemia&#8221;, \u00e8 stato il commento a caldo.<\/p>\n<p style=\"text-align: justify;\">Per la prima donna alla guida del giovane movimento latinense &#8220;federato&#8221; con Italia Bene Comune, il ruolo assegnatole \u00e8 &#8220;anche <strong>una opportunit\u00e0 unica per affrontare la campagna elettorale in maniera propulsiva, nuova, innovativa<\/strong>&#8220;.<\/p>\n<p style=\"text-align: justify;\">&#8220;Ho partecipato a tutto il percorso del movimento in questi quattro anni, ho sempre ritenuto questo progetto civico una reale possibilit\u00e0 di cambiamento e di crescita democratica della citt\u00e0. Il movimento ha sempre avuto come punto di forza la partecipazione delle persone che lo compongono. Valorizzeremo ancora di pi\u00f9 la struttura organizzativa grazie alle competenze al nostro interno, che sono tante e che ci permettono di poter guardare con grande fiducia al futuro &#8211;\u00a0 conclude &#8211; \u00a0Nei prossimi mesi la nostra esperienza civica concluder\u00e0 il suo quinto anno di governo della citt\u00e0 e affronteremo elezioni comunali molto importanti. Fondamentale \u00e8 l\u2019unit\u00e0 che c\u2019\u00e8 all\u2019interno del movimento. Ringrazio il consiglio generale e il coordinamento di segreteria che hanno supportato la mia candidatura, il segretario uscente Francesco Giri che ha collaborato a questo passaggio di consegne nonostante i tanti impegni, il presidente vicario Marino Sabatino per aver condotto il movimento in questa fase e il presidente del movimento, nonch\u00e9 il nostro Sindaco, Damiano Coletta per la fiducia e i consigli\u201d.<\/p>\n<p style=\"text-align: justify;\"><strong>CHI E&#8217;<\/strong> &#8211; Dirigente medico del reparto di Ematologia del Santa Maria Goretti di Latina, 53 anni, da sempre appartenente all\u2019area del centrosinistra pontino, la Ortu \u00e8 referente del forum Sanit\u00e0 del movimento, \u00e8 stata candidata, non eletta alle amministrative 2016 e fa parte del consiglio generale di LBC.<\/p>\n<p style=\"text-align: justify;\"><strong>A Elettra Ortu La Barbera \u00e8 arrivato subito l&#8217;augurio di buon lavoro del Sindaco Damiano Coletta<\/strong>: \u201c\u00c8 una persona che ho sempre apprezzato per il suo impegno, la sua lealt\u00e0 e la sua competenza. Da tempo conosco il suo rigore e la sua etica professionale, valori che riesce ad affermare anche nella esperienza politica. Sono sicuro che sapr\u00e0 dare un importante apporto costruttivo in questa stagione cos\u00ec delicata. Una scelta che abbiamo tutti apprezzato con grande entusiasmo. Ringrazio ancora una volta Francesco Giri con grande affetto e grande stima per il lavoro svolto in una fase altrettanto delicata\u201d.<\/p>\n<div class=\"radio-posizionamento-telefono-in-articoli-dopo-il-contenuto-articolo radio-entity-placement\" id=\"radio-1371399675\"><div id=\"radio-2100407857\"><a href=\"https:\/\/www.simeoneceramiche.com\/\" aria-label=\"SIMEONE CERAMICHE GIF animata per radioluna_Tavola disegno 1 copia 2 (online-video-cutter.com)\"><img loading=\"lazy\" decoding=\"async\" src=\"https:\/\/www.radioluna.it\/news\/wp-content\/uploads\/2025\/05\/SIMEONE-CERAMICHE-GIF-animata-per-radioluna_Tavola-disegno-1-copia-2-online-video-cutter.com_.gif\" alt=\"\"  width=\"300\" height=\"250\"   \/><\/a><\/div><\/div>","protected":false},"excerpt":{"rendered":"<p>LATINA &#8211; Elettra Ortu La Barbera \u00e8 il nuovo segretario di Latina Bene Comune, la prima donna alla guida del Movimento che sostiene il sindaco di Latina Damiano Coletta. L&#8217;elezione \u00e8 avvenuta oggi con voto con line come obbligato dalle norme anti-covid e senza problemi, sostenuta dagli iscritti che hanno approvato immediatamente la candidatura presentata [&hellip;]<\/p>\n","protected":false},"author":62,"featured_media":279751,"comment_status":"closed","ping_status":"open","sticky":false,"template":"","format":"standard","meta":{"footnotes":""},"categories":[8],"tags":[],"class_list":["post-279748","post","type-post","status-publish","format-standard","has-post-thumbnail","hentry","category-politica"],"_links":{"self":[{"href":"https:\/\/www.radioluna.it\/news\/wp-json\/wp\/v2\/posts\/279748","targetHints":{"allow":["GET"]}}],"collection":[{"href":"https:\/\/www.radioluna.it\/news\/wp-json\/wp\/v2\/posts"}],"about":[{"href":"https:\/\/www.radioluna.it\/news\/wp-json\/wp\/v2\/types\/post"}],"author":[{"embeddable":true,"href":"https:\/\/www.radioluna.it\/news\/wp-json\/wp\/v2\/users\/62"}],"replies":[{"embeddable":true,"href":"https:\/\/www.radioluna.it\/news\/wp-json\/wp\/v2\/comments?post=279748"}],"version-history":[{"count":0,"href":"https:\/\/www.radioluna.it\/news\/wp-json\/wp\/v2\/posts\/279748\/revisions"}],"wp:featuredmedia":[{"embeddable":true,"href":"https:\/\/www.radioluna.it\/news\/wp-json\/wp\/v2\/media\/279751"}],"wp:attachment":[{"href":"https:\/\/www.radioluna.it\/news\/wp-json\/wp\/v2\/media?parent=279748"}],"wp:term":[{"taxonomy":"category","embeddable":true,"href":"https:\/\/www.radioluna.it\/news\/wp-json\/wp\/v2\/categories?post=279748"},{"taxonomy":"post_tag","embeddable":true,"href":"https:\/\/www.radioluna.it\/news\/wp-json\/wp\/v2\/tags?post=279748"}],"curies":[{"name":"wp","href":"https:\/\/api.w.org\/{rel}","templated":true}]}}