{"id":279806,"date":"2020-12-03T18:02:27","date_gmt":"2020-12-03T17:02:27","guid":{"rendered":"https:\/\/www.radioluna.it\/news\/?p=279806"},"modified":"2020-12-03T18:02:27","modified_gmt":"2020-12-03T17:02:27","slug":"concessioni-balneari-la-lettera-di-messa-in-mora-allitalia-fa-arrabbiare-procaccini","status":"publish","type":"post","link":"https:\/\/www.radioluna.it\/news\/2020\/12\/concessioni-balneari-la-lettera-di-messa-in-mora-allitalia-fa-arrabbiare-procaccini\/","title":{"rendered":"Concessioni balneari, la lettera di messa in mora all&#8217;Italia fa arrabbiare Procaccini"},"content":{"rendered":"<div id=\"fb-root\"><\/div>\n<p style=\"text-align: justify;\"><strong>LATINA &#8211;<\/strong> \u201cCon la lettera di messa in mora dell\u2019Italia , l\u2019Europa vuole consegnare alla criminalit\u00e0 organizzata tanta parte sana della nostra economia legata alla balneazione e al turismo. E\u2019 un altro schiaffo dato ad un intero settore con il silenzio del governo italiano. La presa di posizione parte della Commissione Europea sulle concessioni balneari rappresenta un grave atto nei confronti della nostra economia\u201d. Lo dichiara in un nota l\u2019eurodeputato di Fratelli di Italia-ECR Nicola Procaccini.<\/p>\n<p style=\"text-align: justify;\">\u201cPer l\u2019Italia \u00e8 a rischio l\u2019intero settore, che ha la peculiarit\u00e0 di essere formato in massima parte da piccole aziende familiari legate in maniera indissolubile al territorio, sono pezzi di storia e di cultura del nostro Paese. Dopo questo passo di Bruxelles il rischio \u00e8 che le amministrazioni sul punto di estendere le concessioni si possano fermare, portando all\u2019asta dal 1 gennaio 2021 decine di migliaia di imprese balneari. Questa burocrazia cieca non ha alcun rispetto per le peculiarit\u00e0 e le esigenze dei singoli territori, un mostro che per\u00f2 sembra avere come alleato anche il governo italiano immobile su tale vicenda, oltre alla criminalit\u00e0 organizzata che non vede l\u2019ora di vedersi apparecchiata la tavola delle aste\u201d<\/p>\n","protected":false},"excerpt":{"rendered":"<p>LATINA &#8211; \u201cCon la lettera di messa in mora dell\u2019Italia , l\u2019Europa vuole consegnare alla criminalit\u00e0 organizzata tanta parte sana della nostra economia legata alla balneazione e al turismo. E\u2019 un altro schiaffo dato ad un intero settore con il silenzio del governo italiano. La presa di posizione parte della Commissione Europea sulle concessioni balneari [&hellip;]<\/p>\n","protected":false},"author":60,"featured_media":9783,"comment_status":"open","ping_status":"open","sticky":false,"template":"","format":"standard","meta":{"footnotes":""},"categories":[8],"tags":[],"class_list":["post-279806","post","type-post","status-publish","format-standard","has-post-thumbnail","hentry","category-politica"],"_links":{"self":[{"href":"https:\/\/www.radioluna.it\/news\/wp-json\/wp\/v2\/posts\/279806","targetHints":{"allow":["GET"]}}],"collection":[{"href":"https:\/\/www.radioluna.it\/news\/wp-json\/wp\/v2\/posts"}],"about":[{"href":"https:\/\/www.radioluna.it\/news\/wp-json\/wp\/v2\/types\/post"}],"author":[{"embeddable":true,"href":"https:\/\/www.radioluna.it\/news\/wp-json\/wp\/v2\/users\/60"}],"replies":[{"embeddable":true,"href":"https:\/\/www.radioluna.it\/news\/wp-json\/wp\/v2\/comments?post=279806"}],"version-history":[{"count":0,"href":"https:\/\/www.radioluna.it\/news\/wp-json\/wp\/v2\/posts\/279806\/revisions"}],"wp:featuredmedia":[{"embeddable":true,"href":"https:\/\/www.radioluna.it\/news\/wp-json\/wp\/v2\/media\/9783"}],"wp:attachment":[{"href":"https:\/\/www.radioluna.it\/news\/wp-json\/wp\/v2\/media?parent=279806"}],"wp:term":[{"taxonomy":"category","embeddable":true,"href":"https:\/\/www.radioluna.it\/news\/wp-json\/wp\/v2\/categories?post=279806"},{"taxonomy":"post_tag","embeddable":true,"href":"https:\/\/www.radioluna.it\/news\/wp-json\/wp\/v2\/tags?post=279806"}],"curies":[{"name":"wp","href":"https:\/\/api.w.org\/{rel}","templated":true}]}}