{"id":279813,"date":"2020-12-03T19:10:37","date_gmt":"2020-12-03T18:10:37","guid":{"rendered":"https:\/\/www.radioluna.it\/news\/?p=279813"},"modified":"2020-12-03T19:10:37","modified_gmt":"2020-12-03T18:10:37","slug":"autostrada-roma-latina-e-bretella-sono-opere-strategiche-e-saranno-realizzate","status":"publish","type":"post","link":"https:\/\/www.radioluna.it\/news\/2020\/12\/autostrada-roma-latina-e-bretella-sono-opere-strategiche-e-saranno-realizzate\/","title":{"rendered":"&#8220;Autostrada Roma-Latina e bretella sono opere strategiche e saranno realizzate&#8221;"},"content":{"rendered":"<div id=\"fb-root\"><\/div>\n<p style=\"text-align: justify;\">LATINA &#8211; Si \u00e8 tenuta oggi una riunione organizzata dal PD Regione Lazio e dal PD della Provincia di Latina sul tema della Roma-Latina e bretella Campoverde-Valmontone. Erano presenti il Segretario Regionale PD Sen. Bruno Astorre, il Segretario Provinciale PD Latina Claudio Moscardelli, il Vicepresidente della Regione Daniele Leodori , l\u2019assessore alle Infrastrutture Mauro Alessandri e i consiglieri regionali Enrico Forte e Salvatore La Penna che hanno contatto il Ministro Paola De Micheli .<br \/>\n&#8220;L\u2019Autostrada Roma Latina non \u00e8 tra le opere trasmesse alla Presidenza del Consiglio per la nomina dei commissari straordinari in quanto sar\u00e0 Autostrade Lazio , la societ\u00e0 mista Regione Anas , la stazione appaltante per la realizzazione &#8211; spiegano dal pd regionale e provinciale in una lunga nota &#8211;\u00a0 Oltre ai 468 milioni di euro gi\u00e0 stanziati con delibera CIPE ci sono risorse aggiuntive in via di definizione che consentiranno di abbattere il pedaggio autostradale. Il PD ritiene questo passaggio importante insieme al minor costo del progetto con la razionalizzazione della bretella Spinaceto Fiumicino. La bretella Campoverde Cisterna Valmontone , opera strategica sar\u00e0 realizzata per intero con fondi pubblici di cui 300 milioni gi\u00e0 disponibili e non sar\u00e0 soggetta a pedaggio . Il progetto \u00e8 quello conosciuto di strada a 4 corsie per il collegamento veloce con Autostrada A1, elemento strategico per tutto il tessuto industriale dell\u2019area Nord. Verr\u00e0 nominato un commissario straordinario . Entrambe le opere sono nell\u2019allegato infrastrutture strategiche del decreto semplificazione approvato.<\/p>\n<p style=\"text-align: justify;\">L&#8217;INIZIATIVA &#8211; Venerd\u00ec 11 dicembre ci sar\u00e0 un\u2019iniziativa on line del PD regionale e provinciale e della Regione Lazio con il Ministro Paola De Micheli che contattata durante la riunione ha assicurato la sua disponibilit\u00e0 e che ringraziamo. Una battaglia storica del PD per lo sviluppo della Provincia di Latina e del Lazio \u00e8 concretamente avviata alla realizzazione in un quadro di investimenti pubblici su strada e su ferro per la Provincia di Latina senza precedenti. Grazie al Presidente Nicola Zingaretti per il suo costante e determinato impegno senza il quale non saremmo riusciti a conseguire gli ambiziosi obiettivi.<\/p>\n<p>&nbsp;<\/p>\n","protected":false},"excerpt":{"rendered":"<p>LATINA &#8211; Si \u00e8 tenuta oggi una riunione organizzata dal PD Regione Lazio e dal PD della Provincia di Latina sul tema della Roma-Latina e bretella Campoverde-Valmontone. Erano presenti il Segretario Regionale PD Sen. Bruno Astorre, il Segretario Provinciale PD Latina Claudio Moscardelli, il Vicepresidente della Regione Daniele Leodori , l\u2019assessore alle Infrastrutture Mauro Alessandri [&hellip;]<\/p>\n","protected":false},"author":60,"featured_media":246620,"comment_status":"open","ping_status":"open","sticky":false,"template":"","format":"standard","meta":{"footnotes":""},"categories":[8],"tags":[],"class_list":["post-279813","post","type-post","status-publish","format-standard","has-post-thumbnail","hentry","category-politica"],"_links":{"self":[{"href":"https:\/\/www.radioluna.it\/news\/wp-json\/wp\/v2\/posts\/279813","targetHints":{"allow":["GET"]}}],"collection":[{"href":"https:\/\/www.radioluna.it\/news\/wp-json\/wp\/v2\/posts"}],"about":[{"href":"https:\/\/www.radioluna.it\/news\/wp-json\/wp\/v2\/types\/post"}],"author":[{"embeddable":true,"href":"https:\/\/www.radioluna.it\/news\/wp-json\/wp\/v2\/users\/60"}],"replies":[{"embeddable":true,"href":"https:\/\/www.radioluna.it\/news\/wp-json\/wp\/v2\/comments?post=279813"}],"version-history":[{"count":0,"href":"https:\/\/www.radioluna.it\/news\/wp-json\/wp\/v2\/posts\/279813\/revisions"}],"wp:featuredmedia":[{"embeddable":true,"href":"https:\/\/www.radioluna.it\/news\/wp-json\/wp\/v2\/media\/246620"}],"wp:attachment":[{"href":"https:\/\/www.radioluna.it\/news\/wp-json\/wp\/v2\/media?parent=279813"}],"wp:term":[{"taxonomy":"category","embeddable":true,"href":"https:\/\/www.radioluna.it\/news\/wp-json\/wp\/v2\/categories?post=279813"},{"taxonomy":"post_tag","embeddable":true,"href":"https:\/\/www.radioluna.it\/news\/wp-json\/wp\/v2\/tags?post=279813"}],"curies":[{"name":"wp","href":"https:\/\/api.w.org\/{rel}","templated":true}]}}