{"id":279828,"date":"2020-12-03T19:57:16","date_gmt":"2020-12-03T18:57:16","guid":{"rendered":"https:\/\/www.radioluna.it\/news\/?p=279828"},"modified":"2020-12-03T20:10:52","modified_gmt":"2020-12-03T19:10:52","slug":"premio-invictus-vince-la-via-perfetta-di-alessandra-carati-e-daniele-nardi","status":"publish","type":"post","link":"https:\/\/www.radioluna.it\/news\/2020\/12\/premio-invictus-vince-la-via-perfetta-di-alessandra-carati-e-daniele-nardi\/","title":{"rendered":"Premio Invictus, vince \u201cLa via Perfetta\u201d di Alessandra Carati e Daniele Nardi"},"content":{"rendered":"<div id=\"fb-root\"><\/div>\n<p style=\"text-align: justify;\"><strong>LATINA<\/strong> &#8211; E&#8217; andato a La Via Perfetta (Einaudi) dedicato all&#8217;impresa alpinistica sul Nanga Parbat, la grande montagna su cui lo scalatore di Sezze Daniele Nardi ha perso la vita, il Premio Invictus 2020. \u201cVoglio ringraziarvi e sono certa che Daniele sarebbe stato felicissimo di questo premio nella sua citt\u00e0 &#8211; ha detto <a href=\"https:\/\/www.radioluna.it\/news\/2019\/12\/daniele-nardi-e-la-via-perfetta-che-lo-aveva-stregato-la-vita-e-lultima-discesa-di-notte-nel-racconto-di-alessandra-carati\/\">Alessandra Carati coautrice con Daniele Nardi del libro<\/a> &#8211; L\u2019esperienza con Daniele \u00e8 stata molto forte e in questo libro ho raccolto il mandato che mi ha lasciato senza essere troppo gentile nei suoi confronti e dell\u2019ambiente. Gentilezza nel senso lato del termine. Senza remore nel raccontare l\u2019autenticit\u00e0 di quella storia. Grazie alla sua famiglia che ha deciso di raccontarmi chi era Daniele. Questo premio \u00e8 per lui\u201d.<\/p>\n<p style=\"text-align: justify;\">La cerimonia di consegna &#8220;virtuale&#8221; del Premio letterario organizzato da LabDFG si \u00e8 svolta questa mattina in diretta streaming dall\u2019aula consiliare del Comune di Cisterna. \u00c8 stata la giornata in cui la letteratura sportiva \u00e8 tornata a occupare il posto che merita: un posto da protagonista nella storia della narrazione e dell\u2019editoria. \u00c8 stata la giornata del Premio Invictus.<\/p>\n<p style=\"text-align: justify;\">L\u2019evento, condotto da Gabriele Brocani, Direttore artistico, e Giovanni Di Giorgi, ideatore del Premio e Direttore editoriale di LabDFG, ha visto la partecipazione di un ricco parterre di ospiti: Giancarlo Vinacci, Presidente di giuria, maestri del giornalismo sportivo nazionale come Italo Cucci, Riccardo Cucchi, Sandro Fioravanti, Xavier Jacobelli e campioni del mondo sportivo come Daniele Masala, Mara Santangelo, Davide Tizzano e Daniele Sottile, che hanno consegnato \u201cpersonalmente\u201d (anche se virtualmente) i premi ai 7 finalisti. In rappresentanza del Sindaco di Cisterna di Latina Mauro Carturan, era presente il Vicesindaco Vittorio Sambucci. Al termine della Premiazione il direttivo del Premio Invictus ha consegnato la targa \u201cPremio Generazione Z\u201d anche a Lorenzo Pecorilli, giovanissima promessa del motocross. \u00abVorrei sottolineare ancora una volta quanto il premio sia legato con un doppio vincolo alla citt\u00e0 di Cisterna di Latina. Ormai \u00e8 impossibile scindere il nome di Invictus da quello della citt\u00e0, come si evince anche dalla fascetta che da domani sar\u00e0 sugli scaffali di tutte le librerie d\u2019Italia ad abbellire il libro vincitore \u2013 ha dichiarato Giovanni di Giorgi al termine della premiazione, per poi aggiungere \u00abci tengo a ringraziare il sindaco Mauro Carturan e tutta l\u2019amministrazione comunale per aver creduto nel progetto. Cisterna \u00e8 la casa del Premio Invictus e da domani inizieremo a progettare insieme la seconda edizione. L\u2019obiettivo \u00e8 far diventare la citt\u00e0 la capitale della letteratura sportiva italiana\u00bb.<\/p>\n<p style=\"text-align: justify;\"><strong>PRIMO<\/strong><strong> PREMIO<\/strong> &#8211;\u00a0 Si \u00e8 aggiudicato Il Premio Invictus di 5.000 euro, quasi all\u2019unanimit\u00e0, La via Perfetta di Alessandra Carati e Daniele Nardi (Einaudi) un libro che racconta la vita e le gesta di Daniele Nardi, l\u2019alpinista italiano morto sul Nanga Parbat il 25 febbraio del 2019. La giuria ha deciso di assegnare questo premio \u00abper la sua capacit\u00e0 di parlare dei contrasti degli uomini del nord, per la forza con cui l\u2019autore descrive la costanza con cui ogni sportivo cerca di raggiungere i propri obiettivi anche a costo della vita\u00bb.<\/p>\n<p style=\"text-align: justify;\"><strong>GLI ALTRI PREMI <\/strong><\/p>\n<p style=\"text-align: justify;\"><strong>Il Premio Grandi Lettori<\/strong> per un valore di 1.500\u20ac \u00e8 stato assegnato a Il mio amico Nepal di Andrea Scherini (Harper Collins), \u00abPer la sua capacit\u00e0 di raccontare la montagna e l&#8217;amicizia incredibile tra l&#8217;uomo e un animale, e quindi la natura, per aver raccontato cose vissute ma con una grande fantasia\u00bb.<\/p>\n<p style=\"text-align: justify;\">Il <strong>Premio Financial &amp; Capital Advisor<\/strong> per un valore di 1.500\u20ac lo ha vinto Gianluca Morassi con La corsa di Shorter (Bolis Edizioni), \u00abper la sua capacit\u00e0 di raccontare lo sport con una fantasia particolare e in modo fresco e pop, come dice il titolo stesso\u00bb.<\/p>\n<p style=\"text-align: justify;\">Il <strong>Premio Guerin Sportivo<\/strong> per un valore di 500\u20ac \u00e8 stato assegnato a Fabrizio Gabrielli autore di Cristiano Ronaldo. Storia intima di un mito globale (66thand2nd), \u00abper la sua capacit\u00e0 di raccontare un grande calciatore nei suoi risvolti umani e per l\u2019umanizzazione di un campione a volte troppo simile a una macchina\u00bb.<\/p>\n<p style=\"text-align: justify;\">Il <strong>Premio Rai Radio1Sport<\/strong> per un valore di 500\u20ac \u00e8 stato assegnato a La Piscina dei misteri di Paolo Foschi (Risfoglia \u2013 Curcio), \u00abper la sua capacit\u00e0 di trattare temi legati non solo allo sport ma anche al difficile mondo dell&#8217;adolescenza\u00bb.<\/p>\n<p style=\"text-align: justify;\">Il <strong>Premio Corriere dello Sport-Stadio<\/strong> per un valore di 500\u20ac \u00e8 andato a Maurizio Crosetti autore di Il suo nome \u00e8 Fausto Coppi (Einaudi), \u00abper aver raccontato un personaggio unico in modo originale, pi\u00f9 dalla voce di chi l\u2019ha conosciuto che dalle biografie e dalle narrazioni istituzionali\u00bb.<\/p>\n<p>Il <strong>Premio Tuttosport<\/strong> per un valore di 500\u20ac lo ha vinto Guy Chiappaventi autore di Mare Fermo (Ensemble), \u00abper l&#8217;attenzione all&#8217;impegno sociale e all&#8217;integrazione di coloro che sono il pi\u00f9 delle volte emarginati dalla societ\u00e0, attraverso i valori dello sport\u00bb.<\/p>\n<p>Rinviato a primavera l&#8217; evento per celebrare in presenza tutti i vincitori mentre da questo pomeriggio sar\u00e0 online il regolamento per aderire all\u2019edizione 2021 con cui partir\u00e0 ufficialmente una nuova avventura per raccontare storie, vite e sport.<br \/>\nIl Premio Letterario Sportivo Invictus \u00e8 realizzato da LabDFG grazie al Comune di Cisterna di Latina. Media Partners: Radio1Sport, Tutto Sport, Corriere dello Sport, Guerin Sportivo.<\/p>\n","protected":false},"excerpt":{"rendered":"<p>LATINA &#8211; E&#8217; andato a La Via Perfetta (Einaudi) dedicato all&#8217;impresa alpinistica sul Nanga Parbat, la grande montagna su cui lo scalatore di Sezze Daniele Nardi ha perso la vita, il Premio Invictus 2020. \u201cVoglio ringraziarvi e sono certa che Daniele sarebbe stato felicissimo di questo premio nella sua citt\u00e0 &#8211; ha detto Alessandra Carati [&hellip;]<\/p>\n","protected":false},"author":62,"featured_media":256548,"comment_status":"open","ping_status":"open","sticky":false,"template":"","format":"standard","meta":{"footnotes":""},"categories":[2424],"tags":[],"class_list":["post-279828","post","type-post","status-publish","format-standard","has-post-thumbnail","hentry","category-i-nostri-libri"],"_links":{"self":[{"href":"https:\/\/www.radioluna.it\/news\/wp-json\/wp\/v2\/posts\/279828","targetHints":{"allow":["GET"]}}],"collection":[{"href":"https:\/\/www.radioluna.it\/news\/wp-json\/wp\/v2\/posts"}],"about":[{"href":"https:\/\/www.radioluna.it\/news\/wp-json\/wp\/v2\/types\/post"}],"author":[{"embeddable":true,"href":"https:\/\/www.radioluna.it\/news\/wp-json\/wp\/v2\/users\/62"}],"replies":[{"embeddable":true,"href":"https:\/\/www.radioluna.it\/news\/wp-json\/wp\/v2\/comments?post=279828"}],"version-history":[{"count":0,"href":"https:\/\/www.radioluna.it\/news\/wp-json\/wp\/v2\/posts\/279828\/revisions"}],"wp:featuredmedia":[{"embeddable":true,"href":"https:\/\/www.radioluna.it\/news\/wp-json\/wp\/v2\/media\/256548"}],"wp:attachment":[{"href":"https:\/\/www.radioluna.it\/news\/wp-json\/wp\/v2\/media?parent=279828"}],"wp:term":[{"taxonomy":"category","embeddable":true,"href":"https:\/\/www.radioluna.it\/news\/wp-json\/wp\/v2\/categories?post=279828"},{"taxonomy":"post_tag","embeddable":true,"href":"https:\/\/www.radioluna.it\/news\/wp-json\/wp\/v2\/tags?post=279828"}],"curies":[{"name":"wp","href":"https:\/\/api.w.org\/{rel}","templated":true}]}}