{"id":279971,"date":"2020-12-06T09:18:40","date_gmt":"2020-12-06T08:18:40","guid":{"rendered":"https:\/\/www.radioluna.it\/news\/?p=279971"},"modified":"2020-12-10T17:09:00","modified_gmt":"2020-12-10T16:09:00","slug":"latina-il-mercato-del-martedi-anticipa-si-terra-il-7-dicembre","status":"publish","type":"post","link":"https:\/\/www.radioluna.it\/news\/2020\/12\/latina-il-mercato-del-martedi-anticipa-si-terra-il-7-dicembre\/","title":{"rendered":"Latina, il mercato del marted\u00ec anticipa: si terr\u00e0 il 7 dicembre"},"content":{"rendered":"<div id=\"fb-root\"><\/div>\n<p style=\"text-align: justify;\"><strong>LATINA<\/strong> &#8211; Il mercato settimanale di Latina si terr\u00e0 luned\u00ec 7 dicembre invece che nella consueta giornata di marted\u00ec, vista la coincidenza con la festivit\u00e0 dell&#8217;Immacolata. Lo dispone un&#8217;ordinanza del Comune di Latina firmata dalla vice sindaca Maria Paola Briganti che ha accolto le istanze delle associazioni di categoria.<br \/>\nL\u2019apertura straordinaria al pubblico del mercato R6\u00a0 \u00e8 prevista dalle 7,00 alle ore 14,00. Il\u00a0 provvedimento \u00e8 stato pubblicato all\u2019Albo Pretorio e sul sito internet istituzionale dell\u2019Ente.<\/p>\n<div class=\"radio-posizionamento-telefono-in-articoli-dopo-il-contenuto-articolo radio-entity-placement\" id=\"radio-2962791657\"><div id=\"radio-2217915327\"><a href=\"https:\/\/grupporedi.it\/\" aria-label=\"Redi-Qr\"><img loading=\"lazy\" decoding=\"async\" src=\"https:\/\/www.radioluna.it\/news\/wp-content\/uploads\/2026\/03\/Redi-Qr.jpg\" alt=\"\"  srcset=\"https:\/\/www.radioluna.it\/news\/wp-content\/uploads\/2026\/03\/Redi-Qr.jpg 800w, https:\/\/www.radioluna.it\/news\/wp-content\/uploads\/2026\/03\/Redi-Qr-768x639.jpg 768w\" sizes=\"(max-width: 800px) 100vw, 800px\" width=\"300\" height=\"250\"   \/><\/a><\/div><\/div>","protected":false},"excerpt":{"rendered":"<p>LATINA &#8211; Il mercato settimanale di Latina si terr\u00e0 luned\u00ec 7 dicembre invece che nella consueta giornata di marted\u00ec, vista la coincidenza con la festivit\u00e0 dell&#8217;Immacolata. Lo dispone un&#8217;ordinanza del Comune di Latina firmata dalla vice sindaca Maria Paola Briganti che ha accolto le istanze delle associazioni di categoria. L\u2019apertura straordinaria al pubblico del mercato [&hellip;]<\/p>\n","protected":false},"author":62,"featured_media":182074,"comment_status":"open","ping_status":"open","sticky":false,"template":"","format":"standard","meta":{"footnotes":""},"categories":[16],"tags":[],"class_list":["post-279971","post","type-post","status-publish","format-standard","has-post-thumbnail","hentry","category-appuntamenti"],"_links":{"self":[{"href":"https:\/\/www.radioluna.it\/news\/wp-json\/wp\/v2\/posts\/279971","targetHints":{"allow":["GET"]}}],"collection":[{"href":"https:\/\/www.radioluna.it\/news\/wp-json\/wp\/v2\/posts"}],"about":[{"href":"https:\/\/www.radioluna.it\/news\/wp-json\/wp\/v2\/types\/post"}],"author":[{"embeddable":true,"href":"https:\/\/www.radioluna.it\/news\/wp-json\/wp\/v2\/users\/62"}],"replies":[{"embeddable":true,"href":"https:\/\/www.radioluna.it\/news\/wp-json\/wp\/v2\/comments?post=279971"}],"version-history":[{"count":0,"href":"https:\/\/www.radioluna.it\/news\/wp-json\/wp\/v2\/posts\/279971\/revisions"}],"wp:featuredmedia":[{"embeddable":true,"href":"https:\/\/www.radioluna.it\/news\/wp-json\/wp\/v2\/media\/182074"}],"wp:attachment":[{"href":"https:\/\/www.radioluna.it\/news\/wp-json\/wp\/v2\/media?parent=279971"}],"wp:term":[{"taxonomy":"category","embeddable":true,"href":"https:\/\/www.radioluna.it\/news\/wp-json\/wp\/v2\/categories?post=279971"},{"taxonomy":"post_tag","embeddable":true,"href":"https:\/\/www.radioluna.it\/news\/wp-json\/wp\/v2\/tags?post=279971"}],"curies":[{"name":"wp","href":"https:\/\/api.w.org\/{rel}","templated":true}]}}