{"id":280399,"date":"2020-12-14T08:07:27","date_gmt":"2020-12-14T07:07:27","guid":{"rendered":"https:\/\/www.radioluna.it\/news\/?p=280399"},"modified":"2020-12-16T14:44:26","modified_gmt":"2020-12-16T13:44:26","slug":"il-latina-calcio-1932-stende-il-savoia-2-0-scudieri-gruppo-vero","status":"publish","type":"post","link":"https:\/\/www.radioluna.it\/news\/2020\/12\/il-latina-calcio-1932-stende-il-savoia-2-0-scudieri-gruppo-vero\/","title":{"rendered":"Il Latina Calcio 1932 stende il Savoia 2-0. Scudieri: &#8220;Gruppo vero&#8221;"},"content":{"rendered":"<div id=\"fb-root\"><\/div>\n<p><iframe loading=\"lazy\" title=\"Mister Scudieri in sala stampa\" width=\"740\" height=\"416\" src=\"https:\/\/www.youtube.com\/embed\/PMFO86AH7Pc?feature=oembed\" frameborder=\"0\" allow=\"accelerometer; autoplay; clipboard-write; encrypted-media; gyroscope; picture-in-picture; web-share\" referrerpolicy=\"strict-origin-when-cross-origin\" allowfullscreen><\/iframe><\/p>\n<p style=\"text-align: justify;\"><strong>LATINA &#8211; <\/strong>&#8220;Ho avuto la prova di quello che gi\u00e0 sapevo&#8221;. Mister Scudieri ha aperto cos\u00ec la conferenza stampa dopo il match contro il Savoia vinto 2-0.<\/p>\n<p style=\"text-align: justify;\">I nerazzurri hanno dimostrato ottime capacit\u00e0 fisiche, di gioco e di tenuta psicologica nel giorno in cui, mentre era in corso la rifinitura, sono stati ufficializzati due positivi al covid tra i nerazzurri.<\/p>\n<p style=\"text-align: justify;\">Il Latina si tiene la testa della classifica: &#8220;Come gruppo dedichiamo la vittoria ai ragazzi che non erano disponibili oggi, fanno parte di un gruppo che sta facendo molto bene di persone vere, grazie a Emanuele (Allegra che ha accettato di entrare in campo anche se non al meglio della forma) e ringrazio tutti i ragazzi perch\u00e9 la prestazione \u00e8 stata lodevole&#8221;, ha detto il mister che ha voluto anche ringraziare la societ\u00e0 e il presidente Terracciano.<\/p>\n<div class=\"radio-posizionamento-telefono-in-articoli-dopo-il-contenuto-articolo radio-entity-placement\" id=\"radio-3418175681\"><div id=\"radio-2065664857\"><a href=\"https:\/\/grupporedi.it\/\" aria-label=\"Redi-Qr\"><img loading=\"lazy\" decoding=\"async\" src=\"https:\/\/www.radioluna.it\/news\/wp-content\/uploads\/2026\/03\/Redi-Qr.jpg\" alt=\"\"  srcset=\"https:\/\/www.radioluna.it\/news\/wp-content\/uploads\/2026\/03\/Redi-Qr.jpg 800w, https:\/\/www.radioluna.it\/news\/wp-content\/uploads\/2026\/03\/Redi-Qr-768x639.jpg 768w\" sizes=\"(max-width: 800px) 100vw, 800px\" width=\"300\" height=\"250\"   \/><\/a><\/div><\/div>","protected":false},"excerpt":{"rendered":"<p>LATINA &#8211; &#8220;Ho avuto la prova di quello che gi\u00e0 sapevo&#8221;. Mister Scudieri ha aperto cos\u00ec la conferenza stampa dopo il match contro il Savoia vinto 2-0. I nerazzurri hanno dimostrato ottime capacit\u00e0 fisiche, di gioco e di tenuta psicologica nel giorno in cui, mentre era in corso la rifinitura, sono stati ufficializzati due positivi [&hellip;]<\/p>\n","protected":false},"author":5430,"featured_media":280400,"comment_status":"open","ping_status":"open","sticky":false,"template":"","format":"video","meta":{"footnotes":""},"categories":[17,2312],"tags":[23,2500,3373],"class_list":["post-280399","post","type-post","status-publish","format-video","has-post-thumbnail","hentry","category-sport","category-video","tag-latina","tag-latina-calcio-1932","tag-savoia","post_format-post-format-video"],"_links":{"self":[{"href":"https:\/\/www.radioluna.it\/news\/wp-json\/wp\/v2\/posts\/280399","targetHints":{"allow":["GET"]}}],"collection":[{"href":"https:\/\/www.radioluna.it\/news\/wp-json\/wp\/v2\/posts"}],"about":[{"href":"https:\/\/www.radioluna.it\/news\/wp-json\/wp\/v2\/types\/post"}],"author":[{"embeddable":true,"href":"https:\/\/www.radioluna.it\/news\/wp-json\/wp\/v2\/users\/5430"}],"replies":[{"embeddable":true,"href":"https:\/\/www.radioluna.it\/news\/wp-json\/wp\/v2\/comments?post=280399"}],"version-history":[{"count":0,"href":"https:\/\/www.radioluna.it\/news\/wp-json\/wp\/v2\/posts\/280399\/revisions"}],"wp:featuredmedia":[{"embeddable":true,"href":"https:\/\/www.radioluna.it\/news\/wp-json\/wp\/v2\/media\/280400"}],"wp:attachment":[{"href":"https:\/\/www.radioluna.it\/news\/wp-json\/wp\/v2\/media?parent=280399"}],"wp:term":[{"taxonomy":"category","embeddable":true,"href":"https:\/\/www.radioluna.it\/news\/wp-json\/wp\/v2\/categories?post=280399"},{"taxonomy":"post_tag","embeddable":true,"href":"https:\/\/www.radioluna.it\/news\/wp-json\/wp\/v2\/tags?post=280399"}],"curies":[{"name":"wp","href":"https:\/\/api.w.org\/{rel}","templated":true}]}}