{"id":280418,"date":"2020-12-14T13:10:45","date_gmt":"2020-12-14T12:10:45","guid":{"rendered":"https:\/\/www.radioluna.it\/news\/?p=280418"},"modified":"2021-01-06T11:21:22","modified_gmt":"2021-01-06T10:21:22","slug":"vaccino-covid-al-goretti-adesione-all80-qui-si-conosce-bene-la-pericolosita-del-virus","status":"publish","type":"post","link":"https:\/\/www.radioluna.it\/news\/2020\/12\/vaccino-covid-al-goretti-adesione-all80-qui-si-conosce-bene-la-pericolosita-del-virus\/","title":{"rendered":"Vaccino Covid, al Goretti adesione all&#8217;80%: &#8220;Qui si conosce bene la pericolosit\u00e0 del virus&#8221;"},"content":{"rendered":"<div id=\"fb-root\"><\/div>\n<p><em><strong>(nella foto d&#8217;archivio l&#8217;infettivologa Miriam Lichtner somministra il vaccino antinfluenzale al dg della Asl Casati)<\/strong><\/em><\/p>\n<p style=\"text-align: justify;\"><strong>LATINA<\/strong> &#8211; Oltre la met\u00e0 dei medici e del personale sanitario degli ospedali e delle altre strutture sanitarie e socio- assistenziali pubbliche della provincia di Latina ha gi\u00e0 deciso che si\u00a0 sottoporr\u00e0 al vaccino anti-covid a partire da met\u00e0 gennaio. Le adesioni vengono raccolte proprio in queste ore in un apposito link attivato dalla ASl di Latina.<\/p>\n<p style=\"text-align: justify;\"><strong>HANNO ADERITO I PRIMI 4500\u00a0<\/strong> &#8211; &#8220;L&#8217;affluenza fino ad oggi sembra abbastanza massiccia &#8211; spiega Loreto Bevilacqua a capo del dipartimento di assistenza primaria della Asl di Latina &#8211; Abbiamo attivato un link di registrazione gioved\u00ec pomeriggio e oggi, che \u00e8 luned\u00ec,\u00a0 si sono registrate circa 4500 persone. Non sono solo operatori sanitari degli ospedali, dal momento che la direttiva ministeriale prevede che tra i primi a vaccinarsi ci saranno\u00a0 anche gli operatori socio sanitari delle strutture pubbliche e accreditate, delle Rsa e Case di riposo, sia gli ospiti che il personale addetto&#8221;.<\/p>\n<p style=\"text-align: justify;\"><strong>AL GORETTI L&#8217;80ADESIONE ALL&#8217;80%<\/strong>&#8211; &#8220;Il dato che spicca maggiormente\u00a0 &#8211; aggiunge Bevilacqua &#8211; \u00e8 quello relativo all&#8217;ospedale Santa Maria Goretti, perch\u00e9 circa l&#8217;80% degli operatori si \u00e8 gi\u00e0 registrato e questo dipende dal fatto che la percezione del Covid in questa struttura \u00e8 superiore alle altre realt\u00e0 territoriali. Comunque abbiamo ancora un&#8217;altra settimana e confidiamo che l&#8217;adesione sar\u00e0 totale&#8221;.<\/p>\n<p style=\"text-align: justify;\">Secondo i calcoli della Asl saranno 9000 gli operatori del primo blocco se dovesse aderire &#8211; come si augura la Asl &#8211;\u00a0 \u00a0il 100%\u00a0 del personale in tutte le strutture del territorio: sono 8000 sanitari ai quali si aggiungono tutti i medici di medicina generale e della continuit\u00e0 assistenziale.<\/p>\n<p style=\"text-align: justify;\"><strong>MA QUANDO SARA&#8217; INIETTATA L APRIMA DOSE?<\/strong> Succeder\u00e0 attorno al 15 gennaio quando \u00e8 previsto l&#8217;arrivo del primo stock da Pfizer: l&#8217;hub sar\u00e0 il Santa Maria Goretti dove arriveranno nei prossimi giorni i primi due supercongelatori che saranno installati presso il Centro Trasfusionale; mentre al Dono Svizzero di Formia ce ne sar\u00e0 uno solo, nei locali del laboratorio analisi.<\/p>\n<p style=\"text-align: justify;\">&#8220;Se sar\u00e0 rispettata la data del 15 gennaio per l&#8217;arrivo delle prime dosi, e considerando che la seconda dose deve essere inoculata dopo tre settimane, per la fine di febbraio avremo completato la prima tranche. Le nostre squadre sono pronte, composte da un medico e da un infermiere, e siamo autosufficienti per vaccinare il nostro personale &#8211; conclude Bevilacqua\u00a0 &#8211; Questo virus \u00e8 davvero pericoloso e quindi l&#8217;unica possibilit\u00e0 che abbiamo \u00e8 cercare di completare la vaccinazione il pi\u00f9 presto possibile in modo da avere l&#8217;effetto-gregge. Confido nell&#8217;adesione massiccia in questa prima fase e io mi sono gi\u00e0 iscritto. Invito poi tutti a sottoporsi al vaccino, man mano che la campagna andr\u00e0 avanti&#8221;.<\/p>\n<div class=\"radio-posizionamento-telefono-in-articoli-dopo-il-contenuto-articolo radio-entity-placement\" id=\"radio-2410927548\"><div id=\"radio-1160733389\"><a href=\"https:\/\/grupporedi.it\/\" aria-label=\"Redi-Qr\"><img loading=\"lazy\" decoding=\"async\" src=\"https:\/\/www.radioluna.it\/news\/wp-content\/uploads\/2026\/03\/Redi-Qr.jpg\" alt=\"\"  srcset=\"https:\/\/www.radioluna.it\/news\/wp-content\/uploads\/2026\/03\/Redi-Qr.jpg 800w, https:\/\/www.radioluna.it\/news\/wp-content\/uploads\/2026\/03\/Redi-Qr-768x639.jpg 768w\" sizes=\"(max-width: 800px) 100vw, 800px\" width=\"300\" height=\"250\"   \/><\/a><\/div><\/div>","protected":false},"excerpt":{"rendered":"<p>(nella foto d&#8217;archivio l&#8217;infettivologa Miriam Lichtner somministra il vaccino antinfluenzale al dg della Asl Casati) LATINA &#8211; Oltre la met\u00e0 dei medici e del personale sanitario degli ospedali e delle altre strutture sanitarie e socio- assistenziali pubbliche della provincia di Latina ha gi\u00e0 deciso che si\u00a0 sottoporr\u00e0 al vaccino anti-covid a partire da met\u00e0 gennaio. [&hellip;]<\/p>\n","protected":false},"author":62,"featured_media":255887,"comment_status":"open","ping_status":"open","sticky":false,"template":"","format":"standard","meta":{"footnotes":""},"categories":[7,2616],"tags":[],"class_list":["post-280418","post","type-post","status-publish","format-standard","has-post-thumbnail","hentry","category-cronaca","category-sanita"],"_links":{"self":[{"href":"https:\/\/www.radioluna.it\/news\/wp-json\/wp\/v2\/posts\/280418","targetHints":{"allow":["GET"]}}],"collection":[{"href":"https:\/\/www.radioluna.it\/news\/wp-json\/wp\/v2\/posts"}],"about":[{"href":"https:\/\/www.radioluna.it\/news\/wp-json\/wp\/v2\/types\/post"}],"author":[{"embeddable":true,"href":"https:\/\/www.radioluna.it\/news\/wp-json\/wp\/v2\/users\/62"}],"replies":[{"embeddable":true,"href":"https:\/\/www.radioluna.it\/news\/wp-json\/wp\/v2\/comments?post=280418"}],"version-history":[{"count":0,"href":"https:\/\/www.radioluna.it\/news\/wp-json\/wp\/v2\/posts\/280418\/revisions"}],"wp:featuredmedia":[{"embeddable":true,"href":"https:\/\/www.radioluna.it\/news\/wp-json\/wp\/v2\/media\/255887"}],"wp:attachment":[{"href":"https:\/\/www.radioluna.it\/news\/wp-json\/wp\/v2\/media?parent=280418"}],"wp:term":[{"taxonomy":"category","embeddable":true,"href":"https:\/\/www.radioluna.it\/news\/wp-json\/wp\/v2\/categories?post=280418"},{"taxonomy":"post_tag","embeddable":true,"href":"https:\/\/www.radioluna.it\/news\/wp-json\/wp\/v2\/tags?post=280418"}],"curies":[{"name":"wp","href":"https:\/\/api.w.org\/{rel}","templated":true}]}}