{"id":280425,"date":"2020-12-14T13:31:21","date_gmt":"2020-12-14T12:31:21","guid":{"rendered":"https:\/\/www.radioluna.it\/news\/?p=280425"},"modified":"2021-01-03T10:15:14","modified_gmt":"2021-01-03T09:15:14","slug":"nuovi-alberi-nelloasi-verde-susetta-guerrini-a-latina-domenica-di-piantumazioni","status":"publish","type":"post","link":"https:\/\/www.radioluna.it\/news\/2020\/12\/nuovi-alberi-nelloasi-verde-susetta-guerrini-a-latina-domenica-di-piantumazioni\/","title":{"rendered":"Nuovi alberi nell&#8217;Oasi Verde Susetta Guerrini: a Latina domenica di piantumazioni"},"content":{"rendered":"<div id=\"fb-root\"><\/div>\n<p style=\"text-align: justify;\"><strong>LATINA<\/strong> &#8211; Latina ha 34 nuovi alberi, ma ne arriveranno altri 300 nel Parco Oasi Verde Susetta Guerrini. Le piante sono state donate dalla comunit\u00e0 Sikh alla citt\u00e0 di Latina per i 550 anni della nascita di Guru Nanak, al quale \u00e8 dedicato un sentiero all\u2019interno del parco.<\/p>\n<p style=\"text-align: justify;\">\u201cLa citt\u00e0 ha accolto con piacere la donazione \u2013 spiega la consigliera con mandato del sindaco al Decoro, Loretta Isotton \u2013 all\u2019interno del programma di LBC \u00e8 determinante l\u2019attenzione all\u2019ambiente, la cura e la riqualificazione degli spazi per migliorare la qualit\u00e0 della vita dei cittadini\u201d.<\/p>\n<p style=\"text-align: justify;\"><strong>IL BILANCIO<\/strong> &#8211; &#8220;In quattro anni di amministrazione sono stati messi a dimora oltre mille alberi in varie aree della citt\u00e0, di cui 130 soltanto al Parco San Marco, con azioni combinate di volontariato e sostegno dei giardinieri del Comune di Latina, all&#8217;interno di un progetto di riqualificazione generale del parco che, un tempo degradato in pi\u00f9 punti, oggi \u00e8 un luogo piacevole e punto di orgoglio per la citt\u00e0. Altri 36 alberi sono stati piantumati in Piazza Ilaria Alpi, di cui soltanto l\u2019attuale amministrazione si \u00e8 presa cura insieme al comitato locale e l\u00ec stesso sta anche per aprire un parco giochi nuovo di zecca&#8221;, spiega in una nota Lbc.<\/p>\n<p style=\"text-align: justify;\"><strong>I PARCHI<\/strong> &#8211; Intanto sono stati dati in gestione i parchi Cottignoli-Petrucci, Faustinella, Parco San Marco e pi\u00f9 recentemente anche Vasco da Gama. &#8220;Con l\u2019affidamento di quest&#8217;ultimo, il parco (al Lido)\u00a0 finalmente avr\u00e0 la gestione che merita ed entrer\u00e0 nella disponibilit\u00e0 collettiva grazie alle migliorie che verranno eseguite, tra cui una recinzione che protegger\u00e0 l\u2019area da ulteriori atti vandalici&#8221;. I lavori sono quasi terminati.<\/p>\n<p style=\"text-align: justify;\">\u201cSi tratta di un cambio di paradigma importante e non scontato \u2013 osserva la segretaria del movimento LBC, Elettra Ortu La Barbera \u2013 Si \u00e8 passati dal degrado alla gestione. Perch\u00e9 in passato il Comune di Latina pensava di poter gestire tutto in autonomia, ma di fatto abbandonava i suoi luoghi, e questo si \u00e8 rivelato un fallimento. LBC ha dovuto raccogliere i cocci di anni di incuria e vandalismo. Ora non sar\u00e0 pi\u00f9 cos\u00ec, perch\u00e9 si \u00e8 passati ad una gestione pi\u00f9 responsabile della cosa pubblica: affidamento e controllo, che significano decoro e fruibilit\u00e0 degli spazi pubblici, ma anche nuove possibilit\u00e0 di occupazione per chi vince i bandi e per chi lavorer\u00e0 all\u2019interno dei parchi direttamente o collaborando attraverso attivit\u00e0 indirette nell\u2019ambito dell\u2019intrattenimento: ad esempio, chiaramente quando si potr\u00e0,\u00a0attraverso catering, animazione per bambini, concerti, teatro, terzo settore. Una rivoluzione nelle cose di tutti i giorni\u201d.<\/p>\n<p>&nbsp;<\/p>\n<p>&nbsp;<\/p>\n<div class=\"radio-posizionamento-telefono-in-articoli-dopo-il-contenuto-articolo radio-entity-placement\" id=\"radio-522533272\"><div id=\"radio-336936775\"><a href=\"https:\/\/www.simeoneceramiche.com\/\" aria-label=\"SIMEONE CERAMICHE GIF animata per radioluna_Tavola disegno 1 copia 2 (online-video-cutter.com)\"><img loading=\"lazy\" decoding=\"async\" src=\"https:\/\/www.radioluna.it\/news\/wp-content\/uploads\/2025\/05\/SIMEONE-CERAMICHE-GIF-animata-per-radioluna_Tavola-disegno-1-copia-2-online-video-cutter.com_.gif\" alt=\"\"  width=\"300\" height=\"250\"   \/><\/a><\/div><\/div>","protected":false},"excerpt":{"rendered":"<p>LATINA &#8211; Latina ha 34 nuovi alberi, ma ne arriveranno altri 300 nel Parco Oasi Verde Susetta Guerrini. Le piante sono state donate dalla comunit\u00e0 Sikh alla citt\u00e0 di Latina per i 550 anni della nascita di Guru Nanak, al quale \u00e8 dedicato un sentiero all\u2019interno del parco. \u201cLa citt\u00e0 ha accolto con piacere la [&hellip;]<\/p>\n","protected":false},"author":62,"featured_media":280428,"comment_status":"open","ping_status":"open","sticky":false,"template":"","format":"standard","meta":{"footnotes":""},"categories":[735],"tags":[],"class_list":["post-280425","post","type-post","status-publish","format-standard","has-post-thumbnail","hentry","category-attualita"],"_links":{"self":[{"href":"https:\/\/www.radioluna.it\/news\/wp-json\/wp\/v2\/posts\/280425","targetHints":{"allow":["GET"]}}],"collection":[{"href":"https:\/\/www.radioluna.it\/news\/wp-json\/wp\/v2\/posts"}],"about":[{"href":"https:\/\/www.radioluna.it\/news\/wp-json\/wp\/v2\/types\/post"}],"author":[{"embeddable":true,"href":"https:\/\/www.radioluna.it\/news\/wp-json\/wp\/v2\/users\/62"}],"replies":[{"embeddable":true,"href":"https:\/\/www.radioluna.it\/news\/wp-json\/wp\/v2\/comments?post=280425"}],"version-history":[{"count":0,"href":"https:\/\/www.radioluna.it\/news\/wp-json\/wp\/v2\/posts\/280425\/revisions"}],"wp:featuredmedia":[{"embeddable":true,"href":"https:\/\/www.radioluna.it\/news\/wp-json\/wp\/v2\/media\/280428"}],"wp:attachment":[{"href":"https:\/\/www.radioluna.it\/news\/wp-json\/wp\/v2\/media?parent=280425"}],"wp:term":[{"taxonomy":"category","embeddable":true,"href":"https:\/\/www.radioluna.it\/news\/wp-json\/wp\/v2\/categories?post=280425"},{"taxonomy":"post_tag","embeddable":true,"href":"https:\/\/www.radioluna.it\/news\/wp-json\/wp\/v2\/tags?post=280425"}],"curies":[{"name":"wp","href":"https:\/\/api.w.org\/{rel}","templated":true}]}}