{"id":280468,"date":"2020-12-15T10:17:21","date_gmt":"2020-12-15T09:17:21","guid":{"rendered":"https:\/\/www.radioluna.it\/news\/?p=280468"},"modified":"2020-12-15T10:35:01","modified_gmt":"2020-12-15T09:35:01","slug":"danni-per-maltempo-la-penna-vogliamo-dare-sostegno-a-cittadini-e-imprese","status":"publish","type":"post","link":"https:\/\/www.radioluna.it\/news\/2020\/12\/danni-per-maltempo-la-penna-vogliamo-dare-sostegno-a-cittadini-e-imprese\/","title":{"rendered":"Danni per maltempo, La Penna: &#8220;Vogliamo dare sostegno a cittadini e imprese&#8221;"},"content":{"rendered":"<div id=\"fb-root\"><\/div>\n<p style=\"text-align: justify;\"><strong>LATINA &#8211;<\/strong> &#8220;Gli eventi meteorologici dei giorni scorsi hanno messo a dura prova il nostro territorio. Diverse le criticit\u00e0 in tutto il Lazio e nella provincia di Latina. Molti i danni registrati nelle nostre comunit\u00e0 dal nord della provincia ai Monti Lepini fino al sud Pontino. In particolare ha destato molta preoccupazione e apprensione l\u2019esondazione del torrente Pontone fra Formia, Gaeta e Itri. In questi giorni siamo a lavoro per costruire le condizioni per offrire un sostegno ai cittadini e alle imprese che hanno subito danni e disagi e per comprendere strategie e modalit\u00e0 di intervento, anche in senso strutturale&#8221;. Lo dichiara il consigliere regionale del Pd Salvatore La Penna.<\/p>\n<p style=\"text-align: justify;\">&#8220;Voglio, in particolare, raccogliere\u00a0 con convinzione\u00a0\u00a0 &#8211; sottolinea La Penna &#8211; l\u2019appassionato e preoccupato appello che il Sindaco di Castelforte, Giancarlo Cardillo ha rivolto alla Regione Lazio lo scorso 10 dicembre a seguito degli ultimi eventi atmosferici calamitosi che hanno determinato lo straripamento del fiume Garigliano.<br \/>\nCome riporta il Sindaco, parte degli stabilimenti termali di Suio sono stati invasi dalla forza straripante delle acque fluviali. Un duro colpo che rischia di mettere in ginocchio un settore gi\u00e0 fortemente provato dalla crisi economica in atto legata\u00a0 alla pandemia da Covid-19.<br \/>\nLe terme di Suio rappresentano un indotto economico fondamentale per l\u2019economia locale di Castelforte e dei territori circostanti e questa nuova prova da sopportare mette a serio rischio la prosecuzione di tali attivit\u00e0 e rischia di compromettere le possibilit\u00e0 di una ripresa futura.<br \/>\nMi preme dunque manifestare la mia vicinanza al Sindaco ed alle ragioni del suo accorato appello ad intervenire in soccorso degli operatori del settore.<br \/>\n\u00c8 ora importante accertare con precisione l\u2019entit\u00e0 dei danni dichiarati &#8211; conclude il consigliere regionale pontino &#8211; ed \u00e8 nostro impegno politico e personale quello di adoperarci affinch\u00e9 la Regione Lazio possa fare la propria parte in difesa degli operatori, di un territorio e di un sistema economico locale duramente provati da questa congiuntura negativa&#8221;.<\/p>\n<div class=\"radio-posizionamento-telefono-in-articoli-dopo-il-contenuto-articolo radio-entity-placement\" id=\"radio-2332676814\"><div id=\"radio-2051701365\"><a href=\"https:\/\/www.simeoneceramiche.com\/\" aria-label=\"SIMEONE CERAMICHE GIF animata per radioluna_Tavola disegno 1 copia 2 (online-video-cutter.com)\"><img loading=\"lazy\" decoding=\"async\" src=\"https:\/\/www.radioluna.it\/news\/wp-content\/uploads\/2025\/05\/SIMEONE-CERAMICHE-GIF-animata-per-radioluna_Tavola-disegno-1-copia-2-online-video-cutter.com_.gif\" alt=\"\"  width=\"300\" height=\"250\"   \/><\/a><\/div><\/div>","protected":false},"excerpt":{"rendered":"<p>LATINA &#8211; &#8220;Gli eventi meteorologici dei giorni scorsi hanno messo a dura prova il nostro territorio. Diverse le criticit\u00e0 in tutto il Lazio e nella provincia di Latina. Molti i danni registrati nelle nostre comunit\u00e0 dal nord della provincia ai Monti Lepini fino al sud Pontino. In particolare ha destato molta preoccupazione e apprensione l\u2019esondazione [&hellip;]<\/p>\n","protected":false},"author":60,"featured_media":271103,"comment_status":"open","ping_status":"open","sticky":false,"template":"","format":"standard","meta":{"footnotes":""},"categories":[8],"tags":[],"class_list":["post-280468","post","type-post","status-publish","format-standard","has-post-thumbnail","hentry","category-politica"],"_links":{"self":[{"href":"https:\/\/www.radioluna.it\/news\/wp-json\/wp\/v2\/posts\/280468","targetHints":{"allow":["GET"]}}],"collection":[{"href":"https:\/\/www.radioluna.it\/news\/wp-json\/wp\/v2\/posts"}],"about":[{"href":"https:\/\/www.radioluna.it\/news\/wp-json\/wp\/v2\/types\/post"}],"author":[{"embeddable":true,"href":"https:\/\/www.radioluna.it\/news\/wp-json\/wp\/v2\/users\/60"}],"replies":[{"embeddable":true,"href":"https:\/\/www.radioluna.it\/news\/wp-json\/wp\/v2\/comments?post=280468"}],"version-history":[{"count":0,"href":"https:\/\/www.radioluna.it\/news\/wp-json\/wp\/v2\/posts\/280468\/revisions"}],"wp:featuredmedia":[{"embeddable":true,"href":"https:\/\/www.radioluna.it\/news\/wp-json\/wp\/v2\/media\/271103"}],"wp:attachment":[{"href":"https:\/\/www.radioluna.it\/news\/wp-json\/wp\/v2\/media?parent=280468"}],"wp:term":[{"taxonomy":"category","embeddable":true,"href":"https:\/\/www.radioluna.it\/news\/wp-json\/wp\/v2\/categories?post=280468"},{"taxonomy":"post_tag","embeddable":true,"href":"https:\/\/www.radioluna.it\/news\/wp-json\/wp\/v2\/tags?post=280468"}],"curies":[{"name":"wp","href":"https:\/\/api.w.org\/{rel}","templated":true}]}}