{"id":280624,"date":"2020-12-17T14:39:22","date_gmt":"2020-12-17T13:39:22","guid":{"rendered":"https:\/\/www.radioluna.it\/news\/?p=280624"},"modified":"2020-12-17T21:01:37","modified_gmt":"2020-12-17T20:01:37","slug":"covid-19-172-casi-e-quattro-decessi-a-latina-e-provincia","status":"publish","type":"post","link":"https:\/\/www.radioluna.it\/news\/2020\/12\/covid-19-172-casi-e-quattro-decessi-a-latina-e-provincia\/","title":{"rendered":"Covid-19, 172 casi  e quattro decessi a Latina e provincia"},"content":{"rendered":"<div id=\"fb-root\"><\/div>\n<p style=\"text-align: justify;\"><strong>LATINA &#8211;<\/strong> Sono stati 172 i nuovi casi positivi al Covid a Latina e provincia secondo l&#8217;ultimo bollettino della Asl. I pazienti deceduti al Goretti erano originari di Aprilia, Fondi, Formia e Sezze tra i 72 e i 92 anni.<\/p>\n<p style=\"text-align: justify;\">Il numero pi\u00f9 elevato di contagi \u00e8 emerso a Latina con 57, ma sono i comuni pi\u00f9 piccoli a registrare un indice di prevalenza maggiore rispetto al capoluogo: a Castelforte si sono evidenziati 6 nuovi casi, 8 a Fondi, quattro a Itri, e anche l&#8217;isola di Ventotene rimasta a lungo covid free presenta due casi; 25 i nuovi positivi ad Aprilia.<\/p>\n<div class=\"radio-posizionamento-telefono-in-articoli-dopo-il-contenuto-articolo radio-entity-placement\" id=\"radio-4072249139\"><div id=\"radio-3377486796\"><a href=\"https:\/\/www.simeoneceramiche.com\/\" aria-label=\"SIMEONE CERAMICHE GIF animata per radioluna_Tavola disegno 1 copia 2 (online-video-cutter.com)\"><img loading=\"lazy\" decoding=\"async\" src=\"https:\/\/www.radioluna.it\/news\/wp-content\/uploads\/2025\/05\/SIMEONE-CERAMICHE-GIF-animata-per-radioluna_Tavola-disegno-1-copia-2-online-video-cutter.com_.gif\" alt=\"\"  width=\"300\" height=\"250\"   \/><\/a><\/div><\/div>","protected":false},"excerpt":{"rendered":"<p>LATINA &#8211; Sono stati 172 i nuovi casi positivi al Covid a Latina e provincia secondo l&#8217;ultimo bollettino della Asl. I pazienti deceduti al Goretti erano originari di Aprilia, Fondi, Formia e Sezze tra i 72 e i 92 anni. Il numero pi\u00f9 elevato di contagi \u00e8 emerso a Latina con 57, ma sono i [&hellip;]<\/p>\n","protected":false},"author":62,"featured_media":273799,"comment_status":"open","ping_status":"open","sticky":false,"template":"","format":"standard","meta":{"footnotes":""},"categories":[2616],"tags":[],"class_list":["post-280624","post","type-post","status-publish","format-standard","has-post-thumbnail","hentry","category-sanita"],"_links":{"self":[{"href":"https:\/\/www.radioluna.it\/news\/wp-json\/wp\/v2\/posts\/280624","targetHints":{"allow":["GET"]}}],"collection":[{"href":"https:\/\/www.radioluna.it\/news\/wp-json\/wp\/v2\/posts"}],"about":[{"href":"https:\/\/www.radioluna.it\/news\/wp-json\/wp\/v2\/types\/post"}],"author":[{"embeddable":true,"href":"https:\/\/www.radioluna.it\/news\/wp-json\/wp\/v2\/users\/62"}],"replies":[{"embeddable":true,"href":"https:\/\/www.radioluna.it\/news\/wp-json\/wp\/v2\/comments?post=280624"}],"version-history":[{"count":0,"href":"https:\/\/www.radioluna.it\/news\/wp-json\/wp\/v2\/posts\/280624\/revisions"}],"wp:featuredmedia":[{"embeddable":true,"href":"https:\/\/www.radioluna.it\/news\/wp-json\/wp\/v2\/media\/273799"}],"wp:attachment":[{"href":"https:\/\/www.radioluna.it\/news\/wp-json\/wp\/v2\/media?parent=280624"}],"wp:term":[{"taxonomy":"category","embeddable":true,"href":"https:\/\/www.radioluna.it\/news\/wp-json\/wp\/v2\/categories?post=280624"},{"taxonomy":"post_tag","embeddable":true,"href":"https:\/\/www.radioluna.it\/news\/wp-json\/wp\/v2\/tags?post=280624"}],"curies":[{"name":"wp","href":"https:\/\/api.w.org\/{rel}","templated":true}]}}