{"id":281032,"date":"2020-12-28T09:12:43","date_gmt":"2020-12-28T08:12:43","guid":{"rendered":"https:\/\/www.radioluna.it\/news\/?p=281032"},"modified":"2020-12-28T09:12:43","modified_gmt":"2020-12-28T08:12:43","slug":"storie-di-fantasmi-visit-terracina-prepara-un-libro-di-racconti","status":"publish","type":"post","link":"https:\/\/www.radioluna.it\/news\/2020\/12\/storie-di-fantasmi-visit-terracina-prepara-un-libro-di-racconti\/","title":{"rendered":"Storie di fantasmi, Visit Terracina prepara un libro di racconti"},"content":{"rendered":"<div id=\"fb-root\"><\/div>\n<p style=\"text-align: justify;\"><strong>TERRACINA<\/strong> &#8211; Visit Terracina, in collaborazione con Lidia Longo e Sara Pandozzi,\u00a0 prepara un intero libro di racconti a base di fantasmi, storie che si tramandano di generazione in generazione e che, proprio perch\u00e9 affidati alla voce dei pi\u00f9 anziani, rischiano di perdersi.<\/p>\n<p style=\"text-align: justify;\">&#8220;Si chiamer\u00e0 &#8220;I Fantasmi di Terracina&#8221; e conterr\u00e0 una quindicina di storie romanzate al suo interno &#8211; spiega\u00a0 Amedeo Cerilli di Visit Terracina &#8211;\u00a0 Il ghost tourism \u00e8 uno dei segmenti turistici maggiormente in crescita in Italia e nel mondo. Sempre pi\u00f9 persone decidono di visitare luoghi legati a storie di fantasmi. Oltre al libro, non appena la situazione lo permetter\u00e0, verranno organizzati anche eventi offline, come mostre, convegni e ghost tour per vivere le emozioni,\u00a0 magari in notturna, che solo questi luoghi, avvolti nella leggenda, sono in grado di regalare&#8221;.<\/p>\n<p style=\"text-align: justify;\">L&#8217;esatta data di pubblicazione non \u00e8 stata ancora resa nota, ma l&#8217; uscita del volume avverr\u00e0 nei primi mesi del 2021.<\/p>\n<div class=\"radio-posizionamento-telefono-in-articoli-dopo-il-contenuto-articolo radio-entity-placement\" id=\"radio-402675940\"><div id=\"radio-2337865034\"><a href=\"https:\/\/www.simeoneceramiche.com\/\" aria-label=\"SIMEONE CERAMICHE GIF animata per radioluna_Tavola disegno 1 copia 2 (online-video-cutter.com)\"><img loading=\"lazy\" decoding=\"async\" src=\"https:\/\/www.radioluna.it\/news\/wp-content\/uploads\/2025\/05\/SIMEONE-CERAMICHE-GIF-animata-per-radioluna_Tavola-disegno-1-copia-2-online-video-cutter.com_.gif\" alt=\"\"  width=\"300\" height=\"250\"   \/><\/a><\/div><\/div>","protected":false},"excerpt":{"rendered":"<p>TERRACINA &#8211; Visit Terracina, in collaborazione con Lidia Longo e Sara Pandozzi,\u00a0 prepara un intero libro di racconti a base di fantasmi, storie che si tramandano di generazione in generazione e che, proprio perch\u00e9 affidati alla voce dei pi\u00f9 anziani, rischiano di perdersi. &#8220;Si chiamer\u00e0 &#8220;I Fantasmi di Terracina&#8221; e conterr\u00e0 una quindicina di storie [&hellip;]<\/p>\n","protected":false},"author":60,"featured_media":281033,"comment_status":"open","ping_status":"open","sticky":false,"template":"","format":"standard","meta":{"footnotes":""},"categories":[16],"tags":[],"class_list":["post-281032","post","type-post","status-publish","format-standard","has-post-thumbnail","hentry","category-appuntamenti"],"_links":{"self":[{"href":"https:\/\/www.radioluna.it\/news\/wp-json\/wp\/v2\/posts\/281032","targetHints":{"allow":["GET"]}}],"collection":[{"href":"https:\/\/www.radioluna.it\/news\/wp-json\/wp\/v2\/posts"}],"about":[{"href":"https:\/\/www.radioluna.it\/news\/wp-json\/wp\/v2\/types\/post"}],"author":[{"embeddable":true,"href":"https:\/\/www.radioluna.it\/news\/wp-json\/wp\/v2\/users\/60"}],"replies":[{"embeddable":true,"href":"https:\/\/www.radioluna.it\/news\/wp-json\/wp\/v2\/comments?post=281032"}],"version-history":[{"count":0,"href":"https:\/\/www.radioluna.it\/news\/wp-json\/wp\/v2\/posts\/281032\/revisions"}],"wp:featuredmedia":[{"embeddable":true,"href":"https:\/\/www.radioluna.it\/news\/wp-json\/wp\/v2\/media\/281033"}],"wp:attachment":[{"href":"https:\/\/www.radioluna.it\/news\/wp-json\/wp\/v2\/media?parent=281032"}],"wp:term":[{"taxonomy":"category","embeddable":true,"href":"https:\/\/www.radioluna.it\/news\/wp-json\/wp\/v2\/categories?post=281032"},{"taxonomy":"post_tag","embeddable":true,"href":"https:\/\/www.radioluna.it\/news\/wp-json\/wp\/v2\/tags?post=281032"}],"curies":[{"name":"wp","href":"https:\/\/api.w.org\/{rel}","templated":true}]}}