{"id":281512,"date":"2021-01-05T15:30:29","date_gmt":"2021-01-05T14:30:29","guid":{"rendered":"https:\/\/www.radioluna.it\/news\/?p=281512"},"modified":"2021-01-05T20:18:04","modified_gmt":"2021-01-05T19:18:04","slug":"covid-19-altri-354-casi-a-latina-e-provincia-quattro-i-pazienti-deceduti","status":"publish","type":"post","link":"https:\/\/www.radioluna.it\/news\/2021\/01\/covid-19-altri-354-casi-a-latina-e-provincia-quattro-i-pazienti-deceduti\/","title":{"rendered":"Covid-19, altri 354 casi a Latina e provincia. Quattro i pazienti deceduti"},"content":{"rendered":"<div id=\"fb-root\"><\/div>\n<p style=\"text-align: justify;\"><strong>LATINA<\/strong> &#8211; Latina conta oggi altri 354 nuovi casi di Covid, il secondo peggior dato di sempre. Quattro i decessi al Goretti di pazienti di Aprilia, Latina, Castelforte e Cisterna. Con i nuovi parametri pi\u00f9 restrittivi fissati dal Governo centrale quanto a Rt e Prevalenza, se il conteggio fosse anche locale e non solo regionale, la provincia di Latina sarebbe senza esitazione zona rossa.<\/p>\n<p style=\"text-align: justify;\">Quanto a contagi, oggi\u00a0 sono i piccoli Comuni a preoccupare di pi\u00f9: Maenza 20, Sonnino 22, di nuovo elevato il dato di Sezze con 23, a Castelforte, 17.<\/p>\n<p style=\"text-align: justify;\"><strong>COMUNE PER COMUNE<\/strong> &#8211; Aprilia 23, Bassiano 1, Castelforte 17, Cisterna 11, Cori 10, Fondi 18, Formia 21, Gaeta 11, Itri 1, Latina 44, Lenola 5, Maenza 20, Minturno 6, Monte San Biagio 3, Norma 2, Pontinia 16, Priverno 16, Prossedi 1,\u00a0 Roccagorga 10, Roccasecca dei Volsci 1, Sabaudia 5, San Felice Circeo 11, Sermoneta 1, Sezze 23, Sonnino 22, Spigno Saturnia 1, Terracina 54.<\/p>\n<p style=\"text-align: justify;\">I guariti sono stati 197.<\/p>\n<p style=\"text-align: justify;\">Dedica un post agli operatori sanitari dell\u2019Ospedale Santa Maria Goretti di Latina, Emiliano Coletta, medico\u00a0 e figlio del sindaco di Latina Damiano Coletta,\u00a0 impegnato nei reparti Covid dell&#8217;ospedale civile di Latina: &#8220;Un\u2019esperienza tosta, specialmente all\u2019inizio, ma che adesso, in virt\u00f9 di un lavoro di squadra ben coordinato, \u00e8 sicuramente meno complicata &#8211; scrive &#8211;\u00a0 Non posso negare che a Marzo nei reparti c\u2019era un clima di terrore, preoccupazione ed incertezza. Oggi invece si lavora diversamente, consapevoli di noi stessi e delle armi a nostra disposizione, con la capacit\u00e0 di donare un sorriso a chi in questo momento sta soffrendo&#8221;.<\/p>\n<p style=\"text-align: justify;\"><strong>NEL LAZIO<\/strong> &#8211; Nel Lazio su oltre 13 mila tamponi (+3.373) son emersi 1.719 CASI POSITIVI (+385), 72 sono stati i decessi (+49)\u00a0 e +1.416 i guariti. &#8220;Aumentano i casi, i decessi e i ricoveri, mentre diminuiscono le terapie intensive. Il rapporto tra positivi e tamponi \u00e8 sempre al 13%. La curva tende ad aumentare e bisogna mantenere il massimo rigore&#8221;, \u00e8 l&#8217;appello alla popolazione dell&#8217;assessore alla Sanit\u00e0 del Lazio Alessio D&#8217;Amato.<\/p>\n<p style=\"text-align: justify;\">Per la prima volta l&#8217;Unit\u00e0 di Crisi della Regione Lazio d\u00e0 anche la percentuale positivi-tamponi includendo i test antigenici. In questo modo il dato scende dal 13 al 4,6%.<\/p>\n<p>Le dosi di vaccino anti Covid somministrate ad oggi &#8211;\u00a0 5 gennaio\u00a0 &#8211; sono state\u00a0 37149.<\/p>\n","protected":false},"excerpt":{"rendered":"<p>LATINA &#8211; Latina conta oggi altri 354 nuovi casi di Covid, il secondo peggior dato di sempre. Quattro i decessi al Goretti di pazienti di Aprilia, Latina, Castelforte e Cisterna. Con i nuovi parametri pi\u00f9 restrittivi fissati dal Governo centrale quanto a Rt e Prevalenza, se il conteggio fosse anche locale e non solo regionale, [&hellip;]<\/p>\n","protected":false},"author":62,"featured_media":281513,"comment_status":"open","ping_status":"open","sticky":false,"template":"","format":"standard","meta":{"footnotes":""},"categories":[2616],"tags":[],"class_list":["post-281512","post","type-post","status-publish","format-standard","has-post-thumbnail","hentry","category-sanita"],"_links":{"self":[{"href":"https:\/\/www.radioluna.it\/news\/wp-json\/wp\/v2\/posts\/281512","targetHints":{"allow":["GET"]}}],"collection":[{"href":"https:\/\/www.radioluna.it\/news\/wp-json\/wp\/v2\/posts"}],"about":[{"href":"https:\/\/www.radioluna.it\/news\/wp-json\/wp\/v2\/types\/post"}],"author":[{"embeddable":true,"href":"https:\/\/www.radioluna.it\/news\/wp-json\/wp\/v2\/users\/62"}],"replies":[{"embeddable":true,"href":"https:\/\/www.radioluna.it\/news\/wp-json\/wp\/v2\/comments?post=281512"}],"version-history":[{"count":0,"href":"https:\/\/www.radioluna.it\/news\/wp-json\/wp\/v2\/posts\/281512\/revisions"}],"wp:featuredmedia":[{"embeddable":true,"href":"https:\/\/www.radioluna.it\/news\/wp-json\/wp\/v2\/media\/281513"}],"wp:attachment":[{"href":"https:\/\/www.radioluna.it\/news\/wp-json\/wp\/v2\/media?parent=281512"}],"wp:term":[{"taxonomy":"category","embeddable":true,"href":"https:\/\/www.radioluna.it\/news\/wp-json\/wp\/v2\/categories?post=281512"},{"taxonomy":"post_tag","embeddable":true,"href":"https:\/\/www.radioluna.it\/news\/wp-json\/wp\/v2\/tags?post=281512"}],"curies":[{"name":"wp","href":"https:\/\/api.w.org\/{rel}","templated":true}]}}