{"id":281563,"date":"2021-01-06T08:00:28","date_gmt":"2021-01-06T07:00:28","guid":{"rendered":"https:\/\/www.radioluna.it\/news\/?p=281563"},"modified":"2021-01-09T06:55:58","modified_gmt":"2021-01-09T05:55:58","slug":"ritorno-tra-i-banchi-per-gli-studenti-pontini-tamponi-a-scuola-e-lezioni-di-covid","status":"publish","type":"post","link":"https:\/\/www.radioluna.it\/news\/2021\/01\/ritorno-tra-i-banchi-per-gli-studenti-pontini-tamponi-a-scuola-e-lezioni-di-covid\/","title":{"rendered":"Ritorno tra i banchi: per gli studenti pontini tamponi a scuola e lezioni di covid"},"content":{"rendered":"<div id=\"fb-root\"><\/div>\n<p style=\"text-align: justify;\"><strong>LATINA<\/strong> &#8211; Doveva essere il 7 gennaio, ma il rientro \u00e8 gi\u00e0 slittato all&#8217;11 e chiss\u00e0 se la scuola riprender\u00e0 davvero in presenza, come e per quanto tempo. Quello che \u00e8 certo, per ora, \u00e8 che al loro ritorno in classe molti ragazzi della provincia di Latina saranno stati &#8220;tamponati&#8221; e altri lo saranno nel giro di qualche giorno (sottoporsi al test \u00e8 comunque volontario), e troveranno alcune novit\u00e0 sul fronte della prevenzione dal Covid. Va avanti infatti lo screening organizzato dalla Asl di Latina per i ragazzi tra i 14 e i 18 anni e partito dal Distretto 2, che comprende oltre al capoluogo, i Comuni di Sabaudia, Pontinia, Norma e\u00a0 Sermoneta.<\/p>\n<p style=\"text-align: justify;\">&#8220;Andremo direttamente a scuola a fare i tamponi,\u00a0 se le scuole riapriranno. Stiamo organizzando drive-in presso i singoli istituti e comunque nei vari comuni del territorio e stiamo completando una mappa territoriale del rischio per poter intervenire in maniera pi\u00f9 mirata su alcune scuole rispetto ad altre. Poi, alla riapertura, partiremo con dei programmi ad hoc per le superiori, lezioni di &#8220;buone regole&#8221; rivolte ai ragazzi, per aumentare la percezione e la consapevolezza sul Covid, con un approccio di rieducation. Se non si dovesse tornare in presenza, il programma sar\u00e0 comunque svolto on line&#8221;, spiega Silvia Iacovacci, biologa responsabile per la Asl dei programmi di prevenzione nelle scuole e referente per il Covid.<\/p>\n<audio class=\"wp-audio-shortcode\" id=\"audio-281563-1\" preload=\"none\" style=\"width: 100%;\" controls=\"controls\"><source type=\"audio\/mpeg\" src=\"https:\/\/www.radioluna.it\/news\/wp-content\/uploads\/2021\/01\/iacovacci.mp3?_=1\" \/><a href=\"https:\/\/www.radioluna.it\/news\/wp-content\/uploads\/2021\/01\/iacovacci.mp3\">https:\/\/www.radioluna.it\/news\/wp-content\/uploads\/2021\/01\/iacovacci.mp3<\/a><\/audio>\n<p style=\"text-align: justify;\"><strong>10 POSITIVI DOPO LE PRIME DUE GIORNATE<\/strong> &#8211; Intanto in due dei drive-in di Latina, al Sani e alla clinica San Marco, proseguono i controlli sui ragazzi che volontariamente si sono sottoposti al tampone rapido prenotandosi sul sito della Asl. Sono circa 300 al giorno e al termine delle prime due giornate, su 600, i positivi emersi erano 10, secondo una media attesa. Sono stati subito messi in isolamento con contatti stretti e\u00a0 famiglie.<\/p>\n<p style=\"text-align: justify;\">&#8220;Sono esami che non devono trarre in inganno, perch\u00e9 sono una fotografia attuale e le regole vanno sempre rispettate &#8211;\u00a0 aggiunge la dottoressa Iacovacci\u00a0 &#8211; Per contenere il numero dei contagi serve il rispetto delle regole e la collaborazione di tutti, altrimenti non avremo mai i risultati sperati. I ragazzi devono sapere che mettendo in atto tre semplici regole (mascherina, distanziamento e lavaggio frequente delle mani) potremo fare quasi tutto normalmente. Pi\u00f9 dei tamponi vale la collaborazione e essere responsabili&#8221;.<\/p>\n<p style=\"text-align: justify;\"><strong>IL DATO\u00a0<\/strong> &#8211; Ad oggi la Asl di Latina registra\u00a0 642 positivi tra i 14-18enni della provincia pari al 4% del totale dei casi positivi.<\/p>\n","protected":false},"excerpt":{"rendered":"<p>LATINA &#8211; Doveva essere il 7 gennaio, ma il rientro \u00e8 gi\u00e0 slittato all&#8217;11 e chiss\u00e0 se la scuola riprender\u00e0 davvero in presenza, come e per quanto tempo. Quello che \u00e8 certo, per ora, \u00e8 che al loro ritorno in classe molti ragazzi della provincia di Latina saranno stati &#8220;tamponati&#8221; e altri lo saranno nel [&hellip;]<\/p>\n","protected":false},"author":62,"featured_media":0,"comment_status":"open","ping_status":"open","sticky":false,"template":"","format":"standard","meta":{"footnotes":""},"categories":[2310,2616],"tags":[],"class_list":["post-281563","post","type-post","status-publish","format-standard","hentry","category-audio","category-sanita"],"_links":{"self":[{"href":"https:\/\/www.radioluna.it\/news\/wp-json\/wp\/v2\/posts\/281563","targetHints":{"allow":["GET"]}}],"collection":[{"href":"https:\/\/www.radioluna.it\/news\/wp-json\/wp\/v2\/posts"}],"about":[{"href":"https:\/\/www.radioluna.it\/news\/wp-json\/wp\/v2\/types\/post"}],"author":[{"embeddable":true,"href":"https:\/\/www.radioluna.it\/news\/wp-json\/wp\/v2\/users\/62"}],"replies":[{"embeddable":true,"href":"https:\/\/www.radioluna.it\/news\/wp-json\/wp\/v2\/comments?post=281563"}],"version-history":[{"count":0,"href":"https:\/\/www.radioluna.it\/news\/wp-json\/wp\/v2\/posts\/281563\/revisions"}],"wp:attachment":[{"href":"https:\/\/www.radioluna.it\/news\/wp-json\/wp\/v2\/media?parent=281563"}],"wp:term":[{"taxonomy":"category","embeddable":true,"href":"https:\/\/www.radioluna.it\/news\/wp-json\/wp\/v2\/categories?post=281563"},{"taxonomy":"post_tag","embeddable":true,"href":"https:\/\/www.radioluna.it\/news\/wp-json\/wp\/v2\/tags?post=281563"}],"curies":[{"name":"wp","href":"https:\/\/api.w.org\/{rel}","templated":true}]}}