{"id":281711,"date":"2021-01-08T08:04:58","date_gmt":"2021-01-08T07:04:58","guid":{"rendered":"https:\/\/www.radioluna.it\/news\/?p=281711"},"modified":"2021-01-09T06:54:58","modified_gmt":"2021-01-09T05:54:58","slug":"lutto-in-casa-top-volley-a-san-marco-i-funerali-di-giulio-di-mario","status":"publish","type":"post","link":"https:\/\/www.radioluna.it\/news\/2021\/01\/lutto-in-casa-top-volley-a-san-marco-i-funerali-di-giulio-di-mario\/","title":{"rendered":"Lutto in casa Top Volley, a San Marco i funerali di Giulio Di Mario"},"content":{"rendered":"<div id=\"fb-root\"><\/div>\n<p style=\"text-align: justify;\"><strong>CISTERNA DI LATINA<\/strong> \u2013 Nella notte tra mercoled\u00ec 6 e gioved\u00ec 7 gennaio 2021 \u00e8 venuto a mancare Giulio Di Mario, fondatore, ex presidente ed ex dirigente della Top Volley. Dalla nascita del club, nel 1972, e fino al 2005, Di Mario \u00e8 stata una delle colonne della societ\u00e0 pontina con cui ha conquistato anche la prima storica promozione in serie A1.<\/p>\n<p style=\"text-align: justify;\">\u00abSono addolorato prima di tutto per la scomparsa di un caro amico e poi perch\u00e9 Giulio \u00e8 stato un dirigente molto apprezzato con cui abbiamo lavorato per moltissimi anni \u2013 commenta Gigi Goldner, storico dirigente della Top Volley \u2013 Con Giulio ero legato da un rapporto molto stretto sia a livello umano sia professionale, con lui abbiamo tagliato traguardi importanti nella storia di questa societ\u00e0, dalla nascita fino alla storia pi\u00f9 recente: lascia un vuoto notevole nel cuore di tutti quelli che lo hanno conosciuto\u00bb.<\/p>\n<p style=\"text-align: justify;\">I funerali di Giulio Di Mario venerd\u00ec alle 15 nella Cattedrale di San Marco a Latina.<\/p>\n","protected":false},"excerpt":{"rendered":"<p>CISTERNA DI LATINA \u2013 Nella notte tra mercoled\u00ec 6 e gioved\u00ec 7 gennaio 2021 \u00e8 venuto a mancare Giulio Di Mario, fondatore, ex presidente ed ex dirigente della Top Volley. Dalla nascita del club, nel 1972, e fino al 2005, Di Mario \u00e8 stata una delle colonne della societ\u00e0 pontina con cui ha conquistato anche [&hellip;]<\/p>\n","protected":false},"author":5430,"featured_media":281712,"comment_status":"open","ping_status":"open","sticky":false,"template":"","format":"standard","meta":{"footnotes":""},"categories":[7,17],"tags":[],"class_list":["post-281711","post","type-post","status-publish","format-standard","has-post-thumbnail","hentry","category-cronaca","category-sport"],"_links":{"self":[{"href":"https:\/\/www.radioluna.it\/news\/wp-json\/wp\/v2\/posts\/281711","targetHints":{"allow":["GET"]}}],"collection":[{"href":"https:\/\/www.radioluna.it\/news\/wp-json\/wp\/v2\/posts"}],"about":[{"href":"https:\/\/www.radioluna.it\/news\/wp-json\/wp\/v2\/types\/post"}],"author":[{"embeddable":true,"href":"https:\/\/www.radioluna.it\/news\/wp-json\/wp\/v2\/users\/5430"}],"replies":[{"embeddable":true,"href":"https:\/\/www.radioluna.it\/news\/wp-json\/wp\/v2\/comments?post=281711"}],"version-history":[{"count":0,"href":"https:\/\/www.radioluna.it\/news\/wp-json\/wp\/v2\/posts\/281711\/revisions"}],"wp:featuredmedia":[{"embeddable":true,"href":"https:\/\/www.radioluna.it\/news\/wp-json\/wp\/v2\/media\/281712"}],"wp:attachment":[{"href":"https:\/\/www.radioluna.it\/news\/wp-json\/wp\/v2\/media?parent=281711"}],"wp:term":[{"taxonomy":"category","embeddable":true,"href":"https:\/\/www.radioluna.it\/news\/wp-json\/wp\/v2\/categories?post=281711"},{"taxonomy":"post_tag","embeddable":true,"href":"https:\/\/www.radioluna.it\/news\/wp-json\/wp\/v2\/tags?post=281711"}],"curies":[{"name":"wp","href":"https:\/\/api.w.org\/{rel}","templated":true}]}}