{"id":282142,"date":"2021-01-13T11:48:11","date_gmt":"2021-01-13T10:48:11","guid":{"rendered":"https:\/\/www.radioluna.it\/news\/?p=282142"},"modified":"2021-01-16T10:01:01","modified_gmt":"2021-01-16T09:01:01","slug":"covid-19-affidata-ai-medici-di-famiglia-la-vaccinazione-agli-ultraottantenni","status":"publish","type":"post","link":"https:\/\/www.radioluna.it\/news\/2021\/01\/covid-19-affidata-ai-medici-di-famiglia-la-vaccinazione-agli-ultraottantenni\/","title":{"rendered":"Covid-19, affidata ai medici di famiglia la vaccinazione agli ultraottantenni"},"content":{"rendered":"<div id=\"fb-root\"><\/div>\n<p style=\"text-align: justify;\"><strong>LATINA &#8211;<\/strong> In provincia di Latina e in tutto il Lazio, <strong>saranno i medici di medicina generale a prenotare gli over 80 che vogliano vaccinarsi contro il covid <\/strong>(immaginiamo tantissimi) <strong>e a somministrare successivamente le dosi, presso i loro studi<\/strong>. La chiamata dei professionisti \u00e8 naturalmente su base volontaria e dunque bisogner\u00e0 nei fatti verificare l&#8217;adesione della categoria scelta perch\u00e9 pu\u00f2 contare su una base solida di esperienza maturata con la somministrazione del vaccino antinfluenzale. Oltre ad avere sottomano le liste di pazienti.<\/p>\n<p style=\"text-align: justify;\">&#8220;Abbiamo dimostrato sulla vaccinazione antinfluenzale di essere una macchina potentissima, nel Lazio abbiamo vaccinato oltre un milione e 300mila persone&#8221;, sottolinea<strong> Giovanni Cirilli, medico di Cisterna e segretario della Federazione dei Medici di Medicina Generale (Fimmg) della provincia di Latina e del Lazio<\/strong>.<\/p>\n<p style=\"text-align: justify;\">L&#8217;annuncio sull&#8217;intesa era stato dato nelle scorse ore dall&#8217;assessore regionale alla sanit\u00e0 Alessio D&#8217;Amato la cui squadra sta lavorando ora sulle procedure operative attese a breve.<\/p>\n<p style=\"text-align: justify;\"><strong>CATEGORIA FRAGILE<\/strong> &#8211; &#8220;Ci viene affidato il servizio di vaccinazione ai pazienti ultraottantenni.\u00a0 La funzione di vaccinatori \u00e8 stata messa in capo ai medici di medicina generale che avranno massima libert\u00e0 di scelta e decideranno se e in che modo aderire, o se non aderire.\u00a0 Deve esserci per\u00f2 la massima consapevolezza che \u00e8 una cosa che serve ai nostri assistiti e che noi dobbiamo garantire agli ultraottantenni la possibilit\u00e0 di essere vaccinati in prossimit\u00e0, senza spostamenti verso i centri vaccinali. Il medico di famiglia \u00e8 dunque fondamentale per adempiere a questa necessit\u00e0&#8221;.<\/p>\n<p style=\"text-align: justify;\"><strong>COME FUNZIONERA&#8217;<\/strong> &#8211; La condizione imprescindibile \u00e8 che prima di diventare vaccinatori, i Mmg siano a loro volta vaccinati, cosa che si sta facendo in questi giorni, e che \u00e8 necessaria per la sicurezza degli operatori, ma anche per quella degli ultraottantenni.<\/p>\n<p style=\"text-align: justify;\">&#8220;La Regione Lazio &#8211; spiega Cirilli\u00a0 &#8211; invier\u00e0 agli over 80 un messaggio con il quale informer\u00e0 che, chi si vuole vaccinare, pu\u00f2 rivolgersi al medico di famiglia; dal canto loro i medici lavoreranno per predisporre le liste giornaliere dei pazienti da vaccinare. Lo faremo con i vaccini oggi a disposizione, cio\u00e8 inizialmente con il Pfizer che una volta uscito dalla catena del freddo pu\u00f2 stare in un frigo normale per 5 giorni; e successivamente con il vaccino Moderna che pu\u00f2 stare a temperatura controllata anche 20 giorni. Sar\u00e0 un compito delicato perch\u00e9 prenoteremo i vaccini stando molto attenti a non sprecare alcuna dose. Sono convinto che possiamo dare una mano importantissima&#8221;.<\/p>\n<audio class=\"wp-audio-shortcode\" id=\"audio-282142-1\" preload=\"none\" style=\"width: 100%;\" controls=\"controls\"><source type=\"audio\/mpeg\" src=\"https:\/\/www.radioluna.it\/news\/wp-content\/uploads\/2021\/01\/gianni-cirilli.mp3?_=1\" \/><a href=\"https:\/\/www.radioluna.it\/news\/wp-content\/uploads\/2021\/01\/gianni-cirilli.mp3\">https:\/\/www.radioluna.it\/news\/wp-content\/uploads\/2021\/01\/gianni-cirilli.mp3<\/a><\/audio>\n<p style=\"text-align: justify;\">Dei 400mila ultraottantenni del Lazio, circa 50mila sono residenti in provincia di Latina. La campagna vaccinale per questa categoria, la prima che sar\u00e0 messa in sicurezza dopo i sanitari,\u00a0 comincer\u00e0 a febbraio\u00a0 e prima di allora si sapr\u00e0 quanti medici di famiglia avranno aderito.<\/p>\n","protected":false},"excerpt":{"rendered":"<p>LATINA &#8211; In provincia di Latina e in tutto il Lazio, saranno i medici di medicina generale a prenotare gli over 80 che vogliano vaccinarsi contro il covid (immaginiamo tantissimi) e a somministrare successivamente le dosi, presso i loro studi. La chiamata dei professionisti \u00e8 naturalmente su base volontaria e dunque bisogner\u00e0 nei fatti verificare [&hellip;]<\/p>\n","protected":false},"author":62,"featured_media":282143,"comment_status":"open","ping_status":"open","sticky":false,"template":"","format":"standard","meta":{"footnotes":""},"categories":[2310,7,2616],"tags":[2678,3497,3495,3494,23,48,3496,2154,3498,3499,3492],"class_list":["post-282142","post","type-post","status-publish","format-standard","has-post-thumbnail","hentry","category-audio","category-cronaca","category-sanita","tag-covid","tag-fimmg","tag-gianni-cirilli","tag-giovanni-cirilli","tag-latina","tag-lazio","tag-medici-di-medicina-generale","tag-notizie-di-latina","tag-ultraottantenni","tag-vaccinazione-over-80-latina","tag-vaccinazioni-covid"],"_links":{"self":[{"href":"https:\/\/www.radioluna.it\/news\/wp-json\/wp\/v2\/posts\/282142","targetHints":{"allow":["GET"]}}],"collection":[{"href":"https:\/\/www.radioluna.it\/news\/wp-json\/wp\/v2\/posts"}],"about":[{"href":"https:\/\/www.radioluna.it\/news\/wp-json\/wp\/v2\/types\/post"}],"author":[{"embeddable":true,"href":"https:\/\/www.radioluna.it\/news\/wp-json\/wp\/v2\/users\/62"}],"replies":[{"embeddable":true,"href":"https:\/\/www.radioluna.it\/news\/wp-json\/wp\/v2\/comments?post=282142"}],"version-history":[{"count":0,"href":"https:\/\/www.radioluna.it\/news\/wp-json\/wp\/v2\/posts\/282142\/revisions"}],"wp:featuredmedia":[{"embeddable":true,"href":"https:\/\/www.radioluna.it\/news\/wp-json\/wp\/v2\/media\/282143"}],"wp:attachment":[{"href":"https:\/\/www.radioluna.it\/news\/wp-json\/wp\/v2\/media?parent=282142"}],"wp:term":[{"taxonomy":"category","embeddable":true,"href":"https:\/\/www.radioluna.it\/news\/wp-json\/wp\/v2\/categories?post=282142"},{"taxonomy":"post_tag","embeddable":true,"href":"https:\/\/www.radioluna.it\/news\/wp-json\/wp\/v2\/tags?post=282142"}],"curies":[{"name":"wp","href":"https:\/\/api.w.org\/{rel}","templated":true}]}}