{"id":282183,"date":"2021-01-13T18:40:12","date_gmt":"2021-01-13T17:40:12","guid":{"rendered":"https:\/\/www.radioluna.it\/news\/?p=282183"},"modified":"2021-01-13T18:40:12","modified_gmt":"2021-01-13T17:40:12","slug":"lbc-no-alla-riapertura-della-discarica-di-borgo-montello","status":"publish","type":"post","link":"https:\/\/www.radioluna.it\/news\/2021\/01\/lbc-no-alla-riapertura-della-discarica-di-borgo-montello\/","title":{"rendered":"Lbc: &#8220;No alla riapertura della discarica di Borgo Montello&#8221;"},"content":{"rendered":"<div id=\"fb-root\"><\/div>\n<p style=\"text-align: justify;\"><strong>LATINA &#8211;<\/strong> La discarica di Borgo Montello non deve riaprire, n\u00e9 parzialmente n\u00e9 per urgenze contingenti. Va bonificata ed avviata alla gestione post mortem. Questo \u00e8 l\u2019indirizzo di Latina Bene Comune e dello stesso Comune di Latina, che anche attraverso il Consiglio si \u00e8 espresso chiaramente in proposito: la salute e la sicurezza dei cittadini sono al primo posto. Quei luoghi ora vanno restituiti ai residenti, che tanto hanno patito negli anni a causa dei miasmi e dei disagi, e che continuano a pagare in termini di salute e di sviluppo economico del territorio, per una maxi servit\u00f9 che qualcuno ha deciso di piazzar loro davanti casa.<\/p>\n<p style=\"text-align: justify;\">Della discarica di Borgo Montello e della conferenza dei servizi programmata per il prossimo 26 gennaio si \u00e8 parlato nel corso di una riunione di maggioranza, durante la quale \u00e8 stato ribadito il secco No a qualunque ipotesi di riapertura ed \u00e8 stato stabilito che saranno programmati nei prossimi giorni incontri online con gli abitanti del borgo per spiegare cosa sta succedendo. Si terranno incontri istituzionali e politici, ai quali parteciperanno anche portatori di interesse, cittadini e comitati di Montello e Bainsizza. Gli incontri si terranno online per rispettare le norme anticovid: su piattaforma Webex con i responsabili del presidio territoriale di LBC dei borghi nord, e in diretta Facebook sulla pagina di LBC con esponenti del movimento e rappresentanti istituzionali.<\/p>\n<p style=\"text-align: justify;\">Latina non pu\u00f2 essere costretta ad accettare una nuova servit\u00f9, con nuovo sito di stoccaggio di inerti, per evitare la riapertura di Montello. Si tratta di questioni che viaggiano su binari distinti e non sovrapponibili, e tali devono restare. Il nuovo sito va scelto su base provinciale: nessun comune deve fare un passo indietro, ma la scelta deve essere fatta ragionando su tutto il territorio e si tratta di un processo sul quale porre la massima attenzione, nell&#8217;interesse della comunit\u00e0, perch\u00e9 lo stoccaggio riguarda materiali risultati da trattamenti precedenti e che dunque non possono essere riciclati: dunque rifiuti a tutti gli effetti.<\/p>\n","protected":false},"excerpt":{"rendered":"<p>LATINA &#8211; La discarica di Borgo Montello non deve riaprire, n\u00e9 parzialmente n\u00e9 per urgenze contingenti. Va bonificata ed avviata alla gestione post mortem. Questo \u00e8 l\u2019indirizzo di Latina Bene Comune e dello stesso Comune di Latina, che anche attraverso il Consiglio si \u00e8 espresso chiaramente in proposito: la salute e la sicurezza dei cittadini [&hellip;]<\/p>\n","protected":false},"author":60,"featured_media":0,"comment_status":"open","ping_status":"open","sticky":false,"template":"","format":"standard","meta":{"footnotes":""},"categories":[8],"tags":[],"class_list":["post-282183","post","type-post","status-publish","format-standard","hentry","category-politica"],"_links":{"self":[{"href":"https:\/\/www.radioluna.it\/news\/wp-json\/wp\/v2\/posts\/282183","targetHints":{"allow":["GET"]}}],"collection":[{"href":"https:\/\/www.radioluna.it\/news\/wp-json\/wp\/v2\/posts"}],"about":[{"href":"https:\/\/www.radioluna.it\/news\/wp-json\/wp\/v2\/types\/post"}],"author":[{"embeddable":true,"href":"https:\/\/www.radioluna.it\/news\/wp-json\/wp\/v2\/users\/60"}],"replies":[{"embeddable":true,"href":"https:\/\/www.radioluna.it\/news\/wp-json\/wp\/v2\/comments?post=282183"}],"version-history":[{"count":0,"href":"https:\/\/www.radioluna.it\/news\/wp-json\/wp\/v2\/posts\/282183\/revisions"}],"wp:attachment":[{"href":"https:\/\/www.radioluna.it\/news\/wp-json\/wp\/v2\/media?parent=282183"}],"wp:term":[{"taxonomy":"category","embeddable":true,"href":"https:\/\/www.radioluna.it\/news\/wp-json\/wp\/v2\/categories?post=282183"},{"taxonomy":"post_tag","embeddable":true,"href":"https:\/\/www.radioluna.it\/news\/wp-json\/wp\/v2\/tags?post=282183"}],"curies":[{"name":"wp","href":"https:\/\/api.w.org\/{rel}","templated":true}]}}