{"id":282369,"date":"2021-01-16T08:13:40","date_gmt":"2021-01-16T07:13:40","guid":{"rendered":"https:\/\/www.radioluna.it\/news\/?p=282369"},"modified":"2021-01-17T19:25:03","modified_gmt":"2021-01-17T18:25:03","slug":"covid-19-6-settimane-per-vaccinare-gli-ultraottantenni-dal-1-febbraio","status":"publish","type":"post","link":"https:\/\/www.radioluna.it\/news\/2021\/01\/covid-19-6-settimane-per-vaccinare-gli-ultraottantenni-dal-1-febbraio\/","title":{"rendered":"Covid-19, 6 settimane per vaccinare gli ultraottantenni: dal 1 febbraio"},"content":{"rendered":"<div id=\"fb-root\"><\/div>\n<p style=\"text-align: justify;\"><strong>LATINA<\/strong> &#8211; I primi over 80 sono gi\u00e0 stati vaccinati, sono i ricoverati all&#8217;ospedale San Camillo di Roma e altri\u00a0 ricoverati o in day-hospital. Ma ora si avvicina anche la data di inizio della campagna vaccinale contro il covid per gli anziani che si trovano a casa: il 1 febbraio.<\/p>\n<p style=\"text-align: justify;\">&#8220;La campagna sugli over 80 partir\u00e0 a pieno regime il primo di febbraio e <a href=\"https:\/\/www.radioluna.it\/news\/2021\/01\/covid-19-affidata-ai-medici-di-famiglia-la-vaccinazione-agli-ultraottantenni\/\">ci si potr\u00e0 prenotare direttamente dal proprio medico di medicina generale<\/a>&#8220;, ha detto l&#8217;assessore regionale D&#8217;Amato. Nel Lazio ci sono circa 470 mila over 80, di questi circa 50 mila risiedono in provincia di Latina.<\/p>\n<p style=\"text-align: justify;\">L&#8217;unico neo \u00e8 rappresentato dalla quantit\u00e0 di fiale a disposizione: &#8220;Se ci saranno consegnati i quantitativi necessari dei vaccini (Pfizer ha annunciato consegne in ritardo i Ue <em>ndr<\/em>) l\u2019obiettivo per la campagna vaccinale sulla fascia degli over 80 anni \u00e8 di 6 settimane&#8221;, ha detto D&#8217;Amato. La Regione attende l&#8217;adesione dei medici di medicina generale (che si spera massiccia).<\/p>\n<p style=\"text-align: justify;\">Sul Bollettino Ufficiale BURL (<a href=\"http:\/\/www.regione.lazio.it\/rl_sanita\/?vw=newsDettaglio\">http:\/\/www.regione.lazio.it\/rl_sanita\/?vw=newsDettaglio<\/a>) \u00e8 stata pubblicata nelle scorse ore la manifestazione di interesse rivolta ai medici di medicina generale ai quali \u00e8 stato affidato il servizio dopo un accordo con la categoria che si spera dar\u00e0 frutti come avvenuto per la campagna vaccinale antinfluenzale.<\/p>\n<p style=\"text-align: justify;\">\n","protected":false},"excerpt":{"rendered":"<p>LATINA &#8211; I primi over 80 sono gi\u00e0 stati vaccinati, sono i ricoverati all&#8217;ospedale San Camillo di Roma e altri\u00a0 ricoverati o in day-hospital. Ma ora si avvicina anche la data di inizio della campagna vaccinale contro il covid per gli anziani che si trovano a casa: il 1 febbraio. &#8220;La campagna sugli over 80 [&hellip;]<\/p>\n","protected":false},"author":62,"featured_media":255920,"comment_status":"open","ping_status":"open","sticky":false,"template":"","format":"standard","meta":{"footnotes":""},"categories":[7],"tags":[],"class_list":["post-282369","post","type-post","status-publish","format-standard","has-post-thumbnail","hentry","category-cronaca"],"_links":{"self":[{"href":"https:\/\/www.radioluna.it\/news\/wp-json\/wp\/v2\/posts\/282369","targetHints":{"allow":["GET"]}}],"collection":[{"href":"https:\/\/www.radioluna.it\/news\/wp-json\/wp\/v2\/posts"}],"about":[{"href":"https:\/\/www.radioluna.it\/news\/wp-json\/wp\/v2\/types\/post"}],"author":[{"embeddable":true,"href":"https:\/\/www.radioluna.it\/news\/wp-json\/wp\/v2\/users\/62"}],"replies":[{"embeddable":true,"href":"https:\/\/www.radioluna.it\/news\/wp-json\/wp\/v2\/comments?post=282369"}],"version-history":[{"count":0,"href":"https:\/\/www.radioluna.it\/news\/wp-json\/wp\/v2\/posts\/282369\/revisions"}],"wp:featuredmedia":[{"embeddable":true,"href":"https:\/\/www.radioluna.it\/news\/wp-json\/wp\/v2\/media\/255920"}],"wp:attachment":[{"href":"https:\/\/www.radioluna.it\/news\/wp-json\/wp\/v2\/media?parent=282369"}],"wp:term":[{"taxonomy":"category","embeddable":true,"href":"https:\/\/www.radioluna.it\/news\/wp-json\/wp\/v2\/categories?post=282369"},{"taxonomy":"post_tag","embeddable":true,"href":"https:\/\/www.radioluna.it\/news\/wp-json\/wp\/v2\/tags?post=282369"}],"curies":[{"name":"wp","href":"https:\/\/api.w.org\/{rel}","templated":true}]}}