{"id":282487,"date":"2021-01-19T16:00:38","date_gmt":"2021-01-19T15:00:38","guid":{"rendered":"https:\/\/www.radioluna.it\/news\/?p=282487"},"modified":"2021-01-20T13:47:12","modified_gmt":"2021-01-20T12:47:12","slug":"latina-bene-comune-catalizzatore-di-energie-positive-il-civismo-puo-salvarci-e-portarci-nel-futuro","status":"publish","type":"post","link":"https:\/\/www.radioluna.it\/news\/2021\/01\/latina-bene-comune-catalizzatore-di-energie-positive-il-civismo-puo-salvarci-e-portarci-nel-futuro\/","title":{"rendered":"&#8220;Latina Bene Comune catalizzatore di energie positive: il civismo pu\u00f2 salvarci e portarci nel futuro&#8221;"},"content":{"rendered":"<div id=\"fb-root\"><\/div>\n<p style=\"text-align: justify;\"><strong>LATINA<\/strong> &#8211; &#8220;Il civismo pu\u00f2 aiutarci a uscire dalla crisi attuale e portarci in un futuro migliore, se lo consideriamo quello che \u00e8: un catalizzatore di energie positive&#8221;.<\/p>\n<p style=\"text-align: justify;\">Ne \u00e8 sicura la segretaria di<strong> Latina Bene Comune<\/strong>, <strong>Elettra Ortu La Barbera<\/strong> che oggi pomeriggio (19 gennaio ore 19), moderer\u00e0 un dibattito su <a href=\"http:\/\/www.latinabenecomune.it\/smart-city-latina-citta-del-futuro-incontro-online-martedi-19-gennaio\/\">Latina Citt\u00e0 del\u00a0 Futuro<\/a>: &#8220;Quella sostenibile, che parte dalle proprie\u00a0 vocazioni per metterle a frutto, diventando una citt\u00e0 connessa, intelligente e smart, capace di migliorare la qualit\u00e0 di vita dei suoi cittadini&#8221;, spiega.<\/p>\n<p style=\"text-align: justify;\">L&#8217;ematologa, da sempre in Lbc, nominata guida del Movimento Civico, ha cominciato a lavorare sodo, accanto al sindaco Damiano Coletta, in vista delle prossime Amministrative e\u00a0ha condiviso con lui la scelta di aprirsi ad alleanze che fino ad oggi sembravano lontane, come quella con il Pd. Ma in premessa sgombra il campo da dubbi: <strong>\u00a0&#8220;Il civismo \u00e8 centrale&#8221;.<\/strong><\/p>\n<p style=\"text-align: justify;\">&#8220;Nel 2016 abbiamo scelto di prenderci cura di Latina ottenendo la fiducia dei nostri concittadini, perch\u00e9 volevamo far uscire la nostra citt\u00e0 dalla palude in cui i nostri predecessori l\u2019avevano fatta di nuovo sprofondare. Ora abbiamo una base molto solida, costruita proprio in questi cinque anni di governo, che ci permette di poter offrire continuit\u00e0 politica alla citt\u00e0, con una visione innovativa e che sia in grado di affrontare le nuove sfide soprattutto per la ripresa e lo sviluppo economico&#8221;.<\/p>\n<p style=\"text-align: justify;\">&#8220;<strong>Vogliamo essere catalizzatori di energie<\/strong>. <strong>\u00c8 il momento della collaborazione,<\/strong> perch\u00e9 nelle difficolt\u00e0 \u00e8 necessario mettere sul piatto energie positive&#8221;. La vera sfida \u00e8 stare anche con i partiti, ma con &#8220;un progetto che scavalchi quelle che sono state le logiche che hanno caratterizzato la politica della citt\u00e0 nei 20 anni precedenti a Latina Bene Comune&#8221;.<\/p>\n<p style=\"text-align: justify;\"><strong>&#8220;L\u2019avvio del dialogo con il PD<\/strong> e con tutte le altre forze politiche e i movimenti che comporranno questo progetto di condivisione <strong>\u00e8 una prova di maturit\u00e0<\/strong> e il nostro progetto vuole basarsi sui <strong>valori<\/strong> &#8220;, sottolinea Ortu La Barbera.<\/p>\n<audio class=\"wp-audio-shortcode\" id=\"audio-282487-1\" preload=\"none\" style=\"width: 100%;\" controls=\"controls\"><source type=\"audio\/mpeg\" src=\"https:\/\/www.radioluna.it\/news\/wp-content\/uploads\/2021\/01\/elettrapol.mp3?_=1\" \/><a href=\"https:\/\/www.radioluna.it\/news\/wp-content\/uploads\/2021\/01\/elettrapol.mp3\">https:\/\/www.radioluna.it\/news\/wp-content\/uploads\/2021\/01\/elettrapol.mp3<\/a><\/audio>\n<p style=\"text-align: justify;\">La segretaria di Lbc rivendica per\u00f2 il ruolo che il civismo ha svolto a Latina in questi anni e la sua forza, pur nelle difficolt\u00e0 incontrate e con la pandemia in corso: &#8220;<strong>Non \u00e8 un\u2019esperienza conclusa, n\u00e9 \u00e8 stata fallimentare come qualcuno vuole dipingerla<\/strong>, anzi: si \u00e8 trattato di un modo diverso e del tutto nuovo di fare politica a Latina, che ha instaurato un nuovo modello intorno al quale vediamo molta adesione. Ora LBC \u00e8 cresciuta, \u00e8 pronta ad aprirsi e a dialogare con tutti trovando i punti che uniscono, e non che dividono, superando le rispettive polarizzazioni per costruire con noi un progetto per Latina condiviso, di rinascita dopo la crisi sociale dovuta alla pandemia&#8221;.<\/p>\n","protected":false},"excerpt":{"rendered":"<p>LATINA &#8211; &#8220;Il civismo pu\u00f2 aiutarci a uscire dalla crisi attuale e portarci in un futuro migliore, se lo consideriamo quello che \u00e8: un catalizzatore di energie positive&#8221;. Ne \u00e8 sicura la segretaria di Latina Bene Comune, Elettra Ortu La Barbera che oggi pomeriggio (19 gennaio ore 19), moderer\u00e0 un dibattito su Latina Citt\u00e0 del\u00a0 [&hellip;]<\/p>\n","protected":false},"author":62,"featured_media":279749,"comment_status":"open","ping_status":"open","sticky":false,"template":"","format":"standard","meta":{"footnotes":""},"categories":[2310,8],"tags":[],"class_list":["post-282487","post","type-post","status-publish","format-standard","has-post-thumbnail","hentry","category-audio","category-politica"],"_links":{"self":[{"href":"https:\/\/www.radioluna.it\/news\/wp-json\/wp\/v2\/posts\/282487","targetHints":{"allow":["GET"]}}],"collection":[{"href":"https:\/\/www.radioluna.it\/news\/wp-json\/wp\/v2\/posts"}],"about":[{"href":"https:\/\/www.radioluna.it\/news\/wp-json\/wp\/v2\/types\/post"}],"author":[{"embeddable":true,"href":"https:\/\/www.radioluna.it\/news\/wp-json\/wp\/v2\/users\/62"}],"replies":[{"embeddable":true,"href":"https:\/\/www.radioluna.it\/news\/wp-json\/wp\/v2\/comments?post=282487"}],"version-history":[{"count":0,"href":"https:\/\/www.radioluna.it\/news\/wp-json\/wp\/v2\/posts\/282487\/revisions"}],"wp:featuredmedia":[{"embeddable":true,"href":"https:\/\/www.radioluna.it\/news\/wp-json\/wp\/v2\/media\/279749"}],"wp:attachment":[{"href":"https:\/\/www.radioluna.it\/news\/wp-json\/wp\/v2\/media?parent=282487"}],"wp:term":[{"taxonomy":"category","embeddable":true,"href":"https:\/\/www.radioluna.it\/news\/wp-json\/wp\/v2\/categories?post=282487"},{"taxonomy":"post_tag","embeddable":true,"href":"https:\/\/www.radioluna.it\/news\/wp-json\/wp\/v2\/tags?post=282487"}],"curies":[{"name":"wp","href":"https:\/\/api.w.org\/{rel}","templated":true}]}}