{"id":282599,"date":"2021-01-19T20:31:08","date_gmt":"2021-01-19T19:31:08","guid":{"rendered":"https:\/\/www.radioluna.it\/news\/?p=282599"},"modified":"2021-01-21T07:25:07","modified_gmt":"2021-01-21T06:25:07","slug":"in-provincia-di-latina-dopo-lo-sciopero-rientro-a-scuola-ma-qualcuno-proseguira-la-protesta","status":"publish","type":"post","link":"https:\/\/www.radioluna.it\/news\/2021\/01\/in-provincia-di-latina-dopo-lo-sciopero-rientro-a-scuola-ma-qualcuno-proseguira-la-protesta\/","title":{"rendered":"In provincia di Latina dopo lo sciopero rientro a scuola, ma qualcuno proseguir\u00e0 la protesta"},"content":{"rendered":"<div id=\"fb-root\"><\/div>\n<p style=\"text-align: justify;\"><strong>LATINA<\/strong> &#8211; In una lettera inviata a tutti i dirigenti degli istituti scolastici superiori di II grado del Lazio, <strong>l&#8217;assessore al Lavoro, Scuola e Formazione della Regione Lazio Claudio Di Berardino<\/strong> lancia un invito perch\u00e9 &#8220;si compia un ulteriore sforzo per permettere la completa ripartenza delle attivit\u00e0 in presenza, a cominciare dalle azioni di sensibilizzazione per effettuare i tamponi gratuiti presso i drive-in regionali&#8221;.<\/p>\n<p style=\"text-align: justify;\">Un invito di cui si \u00e8 fatto portatore in provincia di Latina, <strong>il prefetto Maurizio Falco<\/strong> luned\u00ec pomeriggio durante l&#8217;incontro con i rappresentanti della <strong>Consulta degli Studenti e al quale i ragazzi hanno aderito numerosi<\/strong>. A Latina, molti di loro faranno il tampone oggi stesso al drive in della Clinica San Marco dove le prenotazioni\u00a0 sono state tantissime.<\/p>\n<p style=\"text-align: justify;\">Intanto, dopo due giorni di sciopero e manifestazioni, <strong>i ragazzi delle scuole superiori della provincia di Latina si divideranno<\/strong> tra <strong>chi ha raccolto l&#8217;invito a\u00a0 tornare in classe (nel capoluogo decisione condivisa da Grassi, Majorana, Classico, Manzoni e Galilei)<\/strong> anche per verificare con mano l&#8217;organizzazione complessiva e il promesso potenziamento\u00a0 trasporti pubblici. ma ci sar\u00e0 anche <strong>chi invece rester\u00e0 ancora in agitazione, come sembra aver deciso\u00a0 il Marconi<\/strong>.<\/p>\n<p style=\"text-align: justify;\">Ma, quale che sia la decisione contingente, quello che \u00e8 apparso lampante nei primi due giorni della protesta, \u00e8 che gli studenti pontini vogliono essere coinvolti nell&#8217;organizzazione del nuovo orario scolastico, vogliono poter dire la loro e trovare soluzioni condivise. Alcune scuole si stanno gi\u00e0 muovendo su questa scia, aprendo un dialogo costruttivo.<\/p>\n<p style=\"text-align: justify;\">Intanto, tamponi gratuiti per tutti e trasporti pubblici potenziati sono i due fronti sui quali la Regione Lazio ritiene di aver lavorato approfonditamente. Lo mette nero su bianco proprio Di Berardino nella sua lettera ai presidi.<\/p>\n<p style=\"text-align: justify;\">&#8220;<strong>Il potenziamento del trasporto Cotral<\/strong>\u00a0 &#8211; scrive in\u00a0 una nota Di Berardino &#8211; riguarda sia il numero di corse sia l&#8217;attivazione di nuove linee dedicate, tanto sugli itinerari extraurbani che nelle tratte cittadine. Per quanto riguarda i test, ricordiamo che tutti gli studenti, anche senza certificato medico, possono effettuare i test Covid gratuitamente, mentre per gli insegnanti \u00e8 richiesta la prescrizione. Da una parte, dunque, favoriamo il distanziamento nel percorso casa-scuola per tutti gli studenti, dall&#8217;altra interveniamo sul nascere in caso di contagio svolgendo un&#8217;importante e fondamentale azione di prevenzione. \u00a0L&#8217;uso delle mascherine e il rispetto di altri comportamenti responsabili rende le scuole degli ambienti sicuri, in cui il rischio di contagio \u00e8 limitato. <strong>La ripresa delle attivit\u00e0 scolastiche in presenza, d&#8217;altra parte, non \u00e8 pi\u00f9 rinviabile<\/strong> perch\u00e9 la presenza fisica garantisce un pi\u00f9 completo e profondo processo di apprendimento, che va oltre il nozionismo e che riguarda anche la capacit\u00e0 di stare e confrontarsi direttamente con insegnanti e coetanei&#8221;.<\/p>\n","protected":false},"excerpt":{"rendered":"<p>LATINA &#8211; In una lettera inviata a tutti i dirigenti degli istituti scolastici superiori di II grado del Lazio, l&#8217;assessore al Lavoro, Scuola e Formazione della Regione Lazio Claudio Di Berardino lancia un invito perch\u00e9 &#8220;si compia un ulteriore sforzo per permettere la completa ripartenza delle attivit\u00e0 in presenza, a cominciare dalle azioni di sensibilizzazione [&hellip;]<\/p>\n","protected":false},"author":62,"featured_media":282601,"comment_status":"open","ping_status":"open","sticky":false,"template":"","format":"standard","meta":{"footnotes":""},"categories":[248],"tags":[],"class_list":["post-282599","post","type-post","status-publish","format-standard","has-post-thumbnail","hentry","category-istruzione"],"_links":{"self":[{"href":"https:\/\/www.radioluna.it\/news\/wp-json\/wp\/v2\/posts\/282599","targetHints":{"allow":["GET"]}}],"collection":[{"href":"https:\/\/www.radioluna.it\/news\/wp-json\/wp\/v2\/posts"}],"about":[{"href":"https:\/\/www.radioluna.it\/news\/wp-json\/wp\/v2\/types\/post"}],"author":[{"embeddable":true,"href":"https:\/\/www.radioluna.it\/news\/wp-json\/wp\/v2\/users\/62"}],"replies":[{"embeddable":true,"href":"https:\/\/www.radioluna.it\/news\/wp-json\/wp\/v2\/comments?post=282599"}],"version-history":[{"count":0,"href":"https:\/\/www.radioluna.it\/news\/wp-json\/wp\/v2\/posts\/282599\/revisions"}],"wp:featuredmedia":[{"embeddable":true,"href":"https:\/\/www.radioluna.it\/news\/wp-json\/wp\/v2\/media\/282601"}],"wp:attachment":[{"href":"https:\/\/www.radioluna.it\/news\/wp-json\/wp\/v2\/media?parent=282599"}],"wp:term":[{"taxonomy":"category","embeddable":true,"href":"https:\/\/www.radioluna.it\/news\/wp-json\/wp\/v2\/categories?post=282599"},{"taxonomy":"post_tag","embeddable":true,"href":"https:\/\/www.radioluna.it\/news\/wp-json\/wp\/v2\/tags?post=282599"}],"curies":[{"name":"wp","href":"https:\/\/api.w.org\/{rel}","templated":true}]}}