{"id":282627,"date":"2021-01-20T12:58:50","date_gmt":"2021-01-20T11:58:50","guid":{"rendered":"https:\/\/www.radioluna.it\/news\/?p=282627"},"modified":"2021-01-20T13:00:10","modified_gmt":"2021-01-20T12:00:10","slug":"emergenza-covid-cori-riapre-i-termini-per-i-buoni-spesa","status":"publish","type":"post","link":"https:\/\/www.radioluna.it\/news\/2021\/01\/emergenza-covid-cori-riapre-i-termini-per-i-buoni-spesa\/","title":{"rendered":"Il Comune di Cori riapre i termini per i Buoni Spesa"},"content":{"rendered":"<div id=\"fb-root\"><\/div>\n<p style=\"text-align: justify;\"><strong>CORI &#8211;<\/strong> Dal prossimo 29 gennaio al Comune di Cori saranno riaperti i termini per la presentazione delle richieste dei buoni spesa legati a situazioni di contingente indigenza economica derivanti dall\u2019emergenza Covid-19. Il primo avviso, aperto il 15 dicembre, \u00e8 scaduto il 10 gennaio. Gli operatori dei Servizi Sociali del Comune di Cori hanno iniziato a valutare le domande pervenute man mano che le stesse venivano presentate agli uffici.\u00a0Dal 22 dicembre l\u2019Ente ha iniziato ad erogare i fondi\u00a0alle famiglie che ne hanno fatto richiesta e che vedevano rispettati i requisiti indicati nel bando al fine di poter dare loro la possibilit\u00e0 di passare le festivit\u00e0 natalizie nel modo pi\u00f9 dignitoso possibile. Ad oggi sono pervenute 261 domande e sono stati assegnati buoni spesa a 189 famiglie. Le restanti 72 domande sono in fase di valutazione e di richiesta di eventuali approfondimenti delle situazioni presentate.<\/p>\n<p style=\"text-align: justify;\">\u00abQuesta volta \u2013 spiega l\u2019assessore alle Politiche Sociali, Chiara Cochi &#8211; abbiamo utilizzato una\u00a0modalit\u00e0 pi\u00f9 veloce\u00a0per l\u2019accreditamento dei buoni spesa. Attraverso un sistema informatico viene infatti ricaricata la tessera sanitaria degli aventi diritto al contributo. Tale sistema permette all\u2019Ente di tenere sotto controllo la spesa effettuata dagli utenti, agevolando la rendicontazione e il controllo con le attivit\u00e0 commerciali che hanno aderito all\u2019utilizzo della tessera sanitaria come modalit\u00e0 di pagamento.<\/p>\n<p style=\"text-align: justify;\">Invitiamo i cittadini che stanno subendo le conseguenze della situazione economica derivante dall\u2019emergenza Covid a fare domanda. Ricordiamo alle attivit\u00e0 commerciali che non hanno ancora aderito alla modalit\u00e0 di acquisto attraverso la tessera sanitaria che \u00e8 possibile aderire in ogni momento contattando l\u2019ufficio dei Servizi Sociali del Comune di Cori. Un grande ringraziamento va agli operatori dei Servizi Sociali che attraverso le loro competenze e la loro professionalit\u00e0 stanno portando avanti questo progetto in modo efficace e attento alle esigenze delle famiglie che hanno fatto richiesta del contributo\u00bb.<\/p>\n<div class=\"radio-posizionamento-telefono-in-articoli-dopo-il-contenuto-articolo radio-entity-placement\" id=\"radio-364141692\"><div id=\"radio-3842503114\" style=\"width: 300px;height: 250px;\"><a href=\"https:\/\/www.icarspa.it\/auto\/usate\/latina\/\" aria-label=\"banner aprile icar new life &#8211; auto usate latina\"><img loading=\"lazy\" decoding=\"async\" src=\"https:\/\/www.radioluna.it\/news\/wp-content\/uploads\/2026\/02\/banner-aprile-icar-new-life-auto-usate-latina.gif\" alt=\"\"  width=\"300\" height=\"250\"   \/><\/a><\/div><\/div>","protected":false},"excerpt":{"rendered":"<p>CORI &#8211; Dal prossimo 29 gennaio al Comune di Cori saranno riaperti i termini per la presentazione delle richieste dei buoni spesa legati a situazioni di contingente indigenza economica derivanti dall\u2019emergenza Covid-19. Il primo avviso, aperto il 15 dicembre, \u00e8 scaduto il 10 gennaio. Gli operatori dei Servizi Sociali del Comune di Cori hanno iniziato [&hellip;]<\/p>\n","protected":false},"author":60,"featured_media":282628,"comment_status":"open","ping_status":"open","sticky":false,"template":"","format":"standard","meta":{"footnotes":""},"categories":[735],"tags":[],"class_list":["post-282627","post","type-post","status-publish","format-standard","has-post-thumbnail","hentry","category-attualita"],"_links":{"self":[{"href":"https:\/\/www.radioluna.it\/news\/wp-json\/wp\/v2\/posts\/282627","targetHints":{"allow":["GET"]}}],"collection":[{"href":"https:\/\/www.radioluna.it\/news\/wp-json\/wp\/v2\/posts"}],"about":[{"href":"https:\/\/www.radioluna.it\/news\/wp-json\/wp\/v2\/types\/post"}],"author":[{"embeddable":true,"href":"https:\/\/www.radioluna.it\/news\/wp-json\/wp\/v2\/users\/60"}],"replies":[{"embeddable":true,"href":"https:\/\/www.radioluna.it\/news\/wp-json\/wp\/v2\/comments?post=282627"}],"version-history":[{"count":0,"href":"https:\/\/www.radioluna.it\/news\/wp-json\/wp\/v2\/posts\/282627\/revisions"}],"wp:featuredmedia":[{"embeddable":true,"href":"https:\/\/www.radioluna.it\/news\/wp-json\/wp\/v2\/media\/282628"}],"wp:attachment":[{"href":"https:\/\/www.radioluna.it\/news\/wp-json\/wp\/v2\/media?parent=282627"}],"wp:term":[{"taxonomy":"category","embeddable":true,"href":"https:\/\/www.radioluna.it\/news\/wp-json\/wp\/v2\/categories?post=282627"},{"taxonomy":"post_tag","embeddable":true,"href":"https:\/\/www.radioluna.it\/news\/wp-json\/wp\/v2\/tags?post=282627"}],"curies":[{"name":"wp","href":"https:\/\/api.w.org\/{rel}","templated":true}]}}