{"id":282905,"date":"2021-01-25T13:06:15","date_gmt":"2021-01-25T12:06:15","guid":{"rendered":"https:\/\/www.radioluna.it\/news\/?p=282905"},"modified":"2021-01-25T13:06:15","modified_gmt":"2021-01-25T12:06:15","slug":"la-scomparsa-dellex-sindaco-leccese-il-mef-ne-ricorda-limpegno","status":"publish","type":"post","link":"https:\/\/www.radioluna.it\/news\/2021\/01\/la-scomparsa-dellex-sindaco-leccese-il-mef-ne-ricorda-limpegno\/","title":{"rendered":"La scomparsa dell&#8217;ex sindaco Leccese, il Mef ne ricorda l&#8217;impegno"},"content":{"rendered":"<div id=\"fb-root\"><\/div>\n<p style=\"text-align: justify;\"><strong>GAETA<\/strong> &#8211; Oggi \u00e8 lutto cittadino a Gaeta per la scomparsa dell&#8217;ex sindaco Quirino Leccese spentosi al Goretti dove era ricoverato per le conseguenze del covid. Le bandiere sono a mezz&#8217;asta cos\u00ec come ha disposto un&#8217;ordinanza del sindaco Cosmo Mitrano che lo ha ricordato con parole di profondo dolore.<\/p>\n<p style=\"text-align: justify;\">Tanti i sentimenti di cordoglio espressi da pi\u00f9 parti, e <strong>in una nota dal Movimento federalista europeo<\/strong> ne ricorda la figura:\u00a0 &#8220;Abbiamo conosciuto bene il suo impegno culturale, politico e istituzionale, ne abbiamo apprezzato e goduto il privilegio anche nella nostra azione quotidiana per la costruzione dell&#8217;unit\u00e0 europea. Proprio questo aspetto ci ha sempre affascinato di Quirino, la sua militanza per gli Stati Uniti d&#8217;Europa fatta col metodo scientifico, dotato, in aggiunta, di passione e capacit\u00e0 di coinvolgere nei ragionamenti. Lo ricordiamo con noi tutti nelle passeggiate a Ventotene, Patria del Manifesto di Ventotene, di quel documento fondante l&#8217;Unione europea, che avremmo voluto ricordare con lui, in questo anno che \u00e8 l&#8217;80\u00b0 dalla redazione, avvenuta durante il confino fascista sull&#8217;isola pontina nel 1941 e scritto da Spinelli e Rossi con la collaborazione di Colorni. Lo porteremo sempre con noi, nei prossimi appuntamenti, certi che la sua guida non si esaurir\u00e0 nel ricordo ma ci condurr\u00e0 nella realizzazione della piena consapevolezza, anche nella nostra provincia, della necessit\u00e0 di quel salto culturale in senso sovranazionale che la sua esperienza ne \u00e8 testimonianza&#8221;, si legge in\u00a0 una nota del Mef.<\/p>\n<div class=\"radio-posizionamento-telefono-in-articoli-dopo-il-contenuto-articolo radio-entity-placement\" id=\"radio-3686591057\"><div id=\"radio-2071390327\" style=\"width: 300px;height: 250px;\"><a href=\"https:\/\/www.icarspa.it\/auto\/usate\/latina\/\" aria-label=\"banner aprile icar new life &#8211; auto usate latina\"><img loading=\"lazy\" decoding=\"async\" src=\"https:\/\/www.radioluna.it\/news\/wp-content\/uploads\/2026\/02\/banner-aprile-icar-new-life-auto-usate-latina.gif\" alt=\"\"  width=\"300\" height=\"250\"   \/><\/a><\/div><\/div>","protected":false},"excerpt":{"rendered":"<p>GAETA &#8211; Oggi \u00e8 lutto cittadino a Gaeta per la scomparsa dell&#8217;ex sindaco Quirino Leccese spentosi al Goretti dove era ricoverato per le conseguenze del covid. Le bandiere sono a mezz&#8217;asta cos\u00ec come ha disposto un&#8217;ordinanza del sindaco Cosmo Mitrano che lo ha ricordato con parole di profondo dolore. Tanti i sentimenti di cordoglio espressi [&hellip;]<\/p>\n","protected":false},"author":60,"featured_media":282906,"comment_status":"open","ping_status":"open","sticky":false,"template":"","format":"standard","meta":{"footnotes":""},"categories":[735],"tags":[164,3584,3585,3434,3586,2154],"class_list":["post-282905","post","type-post","status-publish","format-standard","has-post-thumbnail","hentry","category-attualita","tag-gaeta","tag-leccese","tag-lutto-cittadino","tag-mario-leone","tag-mef","tag-notizie-di-latina"],"_links":{"self":[{"href":"https:\/\/www.radioluna.it\/news\/wp-json\/wp\/v2\/posts\/282905","targetHints":{"allow":["GET"]}}],"collection":[{"href":"https:\/\/www.radioluna.it\/news\/wp-json\/wp\/v2\/posts"}],"about":[{"href":"https:\/\/www.radioluna.it\/news\/wp-json\/wp\/v2\/types\/post"}],"author":[{"embeddable":true,"href":"https:\/\/www.radioluna.it\/news\/wp-json\/wp\/v2\/users\/60"}],"replies":[{"embeddable":true,"href":"https:\/\/www.radioluna.it\/news\/wp-json\/wp\/v2\/comments?post=282905"}],"version-history":[{"count":0,"href":"https:\/\/www.radioluna.it\/news\/wp-json\/wp\/v2\/posts\/282905\/revisions"}],"wp:featuredmedia":[{"embeddable":true,"href":"https:\/\/www.radioluna.it\/news\/wp-json\/wp\/v2\/media\/282906"}],"wp:attachment":[{"href":"https:\/\/www.radioluna.it\/news\/wp-json\/wp\/v2\/media?parent=282905"}],"wp:term":[{"taxonomy":"category","embeddable":true,"href":"https:\/\/www.radioluna.it\/news\/wp-json\/wp\/v2\/categories?post=282905"},{"taxonomy":"post_tag","embeddable":true,"href":"https:\/\/www.radioluna.it\/news\/wp-json\/wp\/v2\/tags?post=282905"}],"curies":[{"name":"wp","href":"https:\/\/api.w.org\/{rel}","templated":true}]}}