{"id":283229,"date":"2021-01-29T10:59:17","date_gmt":"2021-01-29T09:59:17","guid":{"rendered":"https:\/\/www.radioluna.it\/news\/?p=283229"},"modified":"2021-01-29T10:59:17","modified_gmt":"2021-01-29T09:59:17","slug":"la-nomina-del-successore-di-casati-tra-47-idonei-come-prevede-la-legge","status":"publish","type":"post","link":"https:\/\/www.radioluna.it\/news\/2021\/01\/la-nomina-del-successore-di-casati-tra-47-idonei-come-prevede-la-legge\/","title":{"rendered":"&#8220;La nomina del successore di Casati tra 47 idonei come prevede la legge&#8221;"},"content":{"rendered":"<div id=\"fb-root\"><\/div>\n<p style=\"text-align: justify;\"><strong>LATINA<\/strong> &#8211; E&#8217; arrivata da poco la nota di saluto del manager Asl Casati e gi\u00e0 arriva la puntualizzazione in merito alla sua successione. L&#8217;interim come prevede la legge andr\u00e0 al direttore sanitario aziendale Giuseppe Visconti, ma in una nota il capogruppo di Forza Italia e presidente della commissione regionale sanit\u00e0, Giuseppe Simeone, e il capogruppo della Lega, Orlando Angelo Tripodi ci tengono a puntualizzare che il prossimo direttore generale sar\u00e0 nominato da un elenco di idonei e dunque, non sar\u00e0 Visconti.<\/p>\n<p style=\"text-align: justify;\">\u201cApprendiamo con un certo sconcerto di alcune notizie, in merito al futuro della Asl di Latina e nello specifico di quanto accadr\u00e0 dopo l\u2019imminente termine del contratto del direttore generale Giorgio Casati, che rischiano di creare disorientamento e confusione. In realt\u00e0 i passaggi sono chiarissimi, per questo crediamo sia opportuno specificare quanto previsto dalla legge e non impostato sull\u2019improvvisazione o il caso. La Regione Lazio \u00e8 uscita dal commissariamento a cui \u00e8 stata condannata per oltre dieci anni. Questo significa che \u00e8 tornata ad operare in regime ordinario. In termini generali quando il contratto di un direttore generale, non solo di quello della Asl di Latina ma di tutte le Asl e Aziende ospedaliere del Lazio arriva a naturale scadenza, il ruolo viene assunto ad interim dal direttore sanitario sino alla nomina del nuovo direttore generale che spetta al presidente della regione Lazio, Nicola Zingaretti, in base ad un elenco, gi\u00e0 pubblicato, di idonei, \u00a0dichiarano gli esponenti di Forza Italia e Lega in una nota congiunta spiegando che &#8220;nel caso specifico della Asl di Latina il contratto del\u00a0 direttore generale Casati scade il 31 gennaio e, in automatico, dal primo febbraio il direttore sanitario ricoprir\u00e0 il ruolo di facente funzione. Entro met\u00e0 febbraio, come ha sottolineato anche l\u2019assessore D\u2019Amato in commissione sanit\u00e0 rispondendo ad una domanda precisa in merito, il presidente Zingaretti proceder\u00e0 ad una serie di nomine, tra cui quella per la Asl di Latina per la quale l\u2019elenco di idonei \u00e8 di 47 persone, dopo aver acquisito i pareri di rito tra cui quello della commissione regionale sanit\u00e0. Le nomine riguarderanno oltre all\u2019Azienda pontina anche quella del Policlinico Tor Vergata, del San Giovanni, del San Camillo e delle Asl Roma 2 e 3, Roma 4 e Roma 6. Non entriamo nel merito di giudizi di valore sull\u2019operato\u00a0 del direttore Casati a cui auguriamo un futuro luminoso ma crediamo sia importante dare le giuste informazioni su procedure che, ope legis, vengono attuate\u201d.<\/p>\n","protected":false},"excerpt":{"rendered":"<p>LATINA &#8211; E&#8217; arrivata da poco la nota di saluto del manager Asl Casati e gi\u00e0 arriva la puntualizzazione in merito alla sua successione. L&#8217;interim come prevede la legge andr\u00e0 al direttore sanitario aziendale Giuseppe Visconti, ma in una nota il capogruppo di Forza Italia e presidente della commissione regionale sanit\u00e0, Giuseppe Simeone, e il [&hellip;]<\/p>\n","protected":false},"author":62,"featured_media":277730,"comment_status":"open","ping_status":"open","sticky":false,"template":"","format":"standard","meta":{"footnotes":""},"categories":[8],"tags":[],"class_list":["post-283229","post","type-post","status-publish","format-standard","has-post-thumbnail","hentry","category-politica"],"_links":{"self":[{"href":"https:\/\/www.radioluna.it\/news\/wp-json\/wp\/v2\/posts\/283229","targetHints":{"allow":["GET"]}}],"collection":[{"href":"https:\/\/www.radioluna.it\/news\/wp-json\/wp\/v2\/posts"}],"about":[{"href":"https:\/\/www.radioluna.it\/news\/wp-json\/wp\/v2\/types\/post"}],"author":[{"embeddable":true,"href":"https:\/\/www.radioluna.it\/news\/wp-json\/wp\/v2\/users\/62"}],"replies":[{"embeddable":true,"href":"https:\/\/www.radioluna.it\/news\/wp-json\/wp\/v2\/comments?post=283229"}],"version-history":[{"count":0,"href":"https:\/\/www.radioluna.it\/news\/wp-json\/wp\/v2\/posts\/283229\/revisions"}],"wp:featuredmedia":[{"embeddable":true,"href":"https:\/\/www.radioluna.it\/news\/wp-json\/wp\/v2\/media\/277730"}],"wp:attachment":[{"href":"https:\/\/www.radioluna.it\/news\/wp-json\/wp\/v2\/media?parent=283229"}],"wp:term":[{"taxonomy":"category","embeddable":true,"href":"https:\/\/www.radioluna.it\/news\/wp-json\/wp\/v2\/categories?post=283229"},{"taxonomy":"post_tag","embeddable":true,"href":"https:\/\/www.radioluna.it\/news\/wp-json\/wp\/v2\/tags?post=283229"}],"curies":[{"name":"wp","href":"https:\/\/api.w.org\/{rel}","templated":true}]}}