{"id":283615,"date":"2021-01-31T09:01:35","date_gmt":"2021-01-31T08:01:35","guid":{"rendered":"https:\/\/www.radioluna.it\/news\/?p=283615"},"modified":"2021-02-01T07:24:23","modified_gmt":"2021-02-01T06:24:23","slug":"aiuto-gli-anelli-mi-stringono-donna-chiede-aiuto-ai-vigili-del-fuoco-di-aprilia","status":"publish","type":"post","link":"https:\/\/www.radioluna.it\/news\/2021\/01\/aiuto-gli-anelli-mi-stringono-donna-chiede-aiuto-ai-vigili-del-fuoco-di-aprilia\/","title":{"rendered":"Donna ai vigili del fuoco di Aprilia: &#8220;Aiutatemi, gli anelli mi stringono&#8221;"},"content":{"rendered":"<div id=\"fb-root\"><\/div>\n<p style=\"text-align: justify;\"><strong>APRILIA\u00a0<\/strong> &#8211; Si \u00e8 presentata al Distaccamento di Aprilia dei Vigili del Fuoco con una singolare richiesta: &#8220;Non riesco pi\u00f9 a sfilare gli anelli, il sito si \u00e8 gonfiato, aiutatemi&#8221;.<br \/>\nE&#8217; accaduto sabato nella tarda mattinata quando una donna ha bussato alla caserma chiedendo ai vigili di trovare una soluzione al problema. Il dito medio della mano destra infatti era gonfio a causa dei\u00a0 quattro anelli stretti che indossava e di cui non riusciva pi\u00f9 a liberarsi.<\/p>\n<p style=\"text-align: justify;\">I vigili del fuoco, non si sono persi d&#8217;animo e dopo una breve consultazione hanno scelto lo strumento pi\u00f9 adatto e tagliato gli anelli con delle tronchesi. Poi, \u00e8 stato chiamato il 118 per le cure del caso.<\/p>\n","protected":false},"excerpt":{"rendered":"<p>APRILIA\u00a0 &#8211; Si \u00e8 presentata al Distaccamento di Aprilia dei Vigili del Fuoco con una singolare richiesta: &#8220;Non riesco pi\u00f9 a sfilare gli anelli, il sito si \u00e8 gonfiato, aiutatemi&#8221;. E&#8217; accaduto sabato nella tarda mattinata quando una donna ha bussato alla caserma chiedendo ai vigili di trovare una soluzione al problema. Il dito medio [&hellip;]<\/p>\n","protected":false},"author":62,"featured_media":283616,"comment_status":"open","ping_status":"open","sticky":false,"template":"","format":"standard","meta":{"footnotes":""},"categories":[7],"tags":[],"class_list":["post-283615","post","type-post","status-publish","format-standard","has-post-thumbnail","hentry","category-cronaca"],"_links":{"self":[{"href":"https:\/\/www.radioluna.it\/news\/wp-json\/wp\/v2\/posts\/283615","targetHints":{"allow":["GET"]}}],"collection":[{"href":"https:\/\/www.radioluna.it\/news\/wp-json\/wp\/v2\/posts"}],"about":[{"href":"https:\/\/www.radioluna.it\/news\/wp-json\/wp\/v2\/types\/post"}],"author":[{"embeddable":true,"href":"https:\/\/www.radioluna.it\/news\/wp-json\/wp\/v2\/users\/62"}],"replies":[{"embeddable":true,"href":"https:\/\/www.radioluna.it\/news\/wp-json\/wp\/v2\/comments?post=283615"}],"version-history":[{"count":0,"href":"https:\/\/www.radioluna.it\/news\/wp-json\/wp\/v2\/posts\/283615\/revisions"}],"wp:featuredmedia":[{"embeddable":true,"href":"https:\/\/www.radioluna.it\/news\/wp-json\/wp\/v2\/media\/283616"}],"wp:attachment":[{"href":"https:\/\/www.radioluna.it\/news\/wp-json\/wp\/v2\/media?parent=283615"}],"wp:term":[{"taxonomy":"category","embeddable":true,"href":"https:\/\/www.radioluna.it\/news\/wp-json\/wp\/v2\/categories?post=283615"},{"taxonomy":"post_tag","embeddable":true,"href":"https:\/\/www.radioluna.it\/news\/wp-json\/wp\/v2\/tags?post=283615"}],"curies":[{"name":"wp","href":"https:\/\/api.w.org\/{rel}","templated":true}]}}