{"id":285714,"date":"2021-03-02T19:16:17","date_gmt":"2021-03-02T18:16:17","guid":{"rendered":"https:\/\/www.radioluna.it\/news\/?p=285714"},"modified":"2021-03-02T19:16:17","modified_gmt":"2021-03-02T18:16:17","slug":"il-parlamentare-di-formia-trano-fonda-lalternativa-ce-in-opposizione-a-draghi","status":"publish","type":"post","link":"https:\/\/www.radioluna.it\/news\/2021\/03\/il-parlamentare-di-formia-trano-fonda-lalternativa-ce-in-opposizione-a-draghi\/","title":{"rendered":"Il parlamentare di Formia Trano fonda &#8220;L&#8217;alternativa c&#8217;\u00e8&#8221; in opposizione a Draghi"},"content":{"rendered":"<div id=\"fb-root\"><\/div>\n<p style=\"text-align: justify;\"><strong>LATINA<\/strong> &#8211; &#8220;Deciso a voler portare avanti quelle idee di cambiamento al centro del programma elettorale con cui nel marzo 2018 sono stato eletto con il Movimento 5 Stelle e volendo mettere al centro della politica la persona e l&#8217;ambiente, in opposizione al Governo Draghi e in generale ai governi tecnici che applicano il darwinismo sociale all\u2019economia e alla vita delle persone, oggi alla Camera, ho presentato la componente &#8220;L&#8217;Alternativa C&#8217;\u00e8&#8221;, a cui ho dato vita insieme a 12 colleghi proprio per cercare di realizzare un tale progetto&#8221;. Lo scrive in una nota il parlamentare di Formia Raffaele Trano gi\u00e0 uscito dal Movimento Cinquestelle.<\/p>\n<p style=\"text-align: justify;\">&#8220;La nostra collocazione &#8211; spiega &#8211;\u00a0 \u00e8 oltre gli schieramenti di destra e sinistra storicamente determinati, che non bastano pi\u00f9 a interpretare la realt\u00e0. Per noi l&#8217;unico riferimento \u00e8 il popolo sovrano e riteniamo fondamentale un forte intervento dello Stato nella sfera economica e sociale. La nostra ambizione \u00e8 quella di essere la sponda parlamentare di un pi\u00f9 ampio movimento civile e sociale, al fine di dar vita in maniera partecipata a un&#8217;economia rinnovata e solidale, a un piano straordinario di indennizzi, riqualificazione e defiscalizzazione in favore di tutte le piccole e medie imprese colpite dalle restrizioni Covid-19, al salario minimo garantito, alla lotta al precariato, all\u2019istituzione del reddito universale, facendo crescere l&#8217;occupazione e in particolare quella giovanile e prestando particolare attenzione alle donne nel mondo del lavoro. Siamo infine ambientalisti, contrari al consumo di suolo e \u00a0a favore dell&#8217;acqua pubblica, contrari alla continua privatizzazione dei servizi sanitari, alle politiche di austerity, e favorevoli a una banca pubblica degli investimenti, allo sviluppo del patrimonio culturale, a un miglioramento del rapporto tra fisco e contribuente, alla semplificazione amministrativa, e a rendere centrali i temi della scuola e dell&#8217;universit\u00e0. Ribaltare il pensiero dominante si pu\u00f2. Non lasceremo a Fdi il ruolo di opposizione ma faremo noi una opposizione vigile&#8221;, conclude Trano.<\/p>\n<p>&nbsp;<\/p>\n","protected":false},"excerpt":{"rendered":"<p>LATINA &#8211; &#8220;Deciso a voler portare avanti quelle idee di cambiamento al centro del programma elettorale con cui nel marzo 2018 sono stato eletto con il Movimento 5 Stelle e volendo mettere al centro della politica la persona e l&#8217;ambiente, in opposizione al Governo Draghi e in generale ai governi tecnici che applicano il darwinismo [&hellip;]<\/p>\n","protected":false},"author":62,"featured_media":0,"comment_status":"open","ping_status":"open","sticky":false,"template":"","format":"standard","meta":{"footnotes":""},"categories":[8],"tags":[203,3995,23,3993,2154,3997,3994,3996],"class_list":["post-285714","post","type-post","status-publish","format-standard","hentry","category-politica","tag-formia","tag-lalternativa-ce","tag-latina","tag-notizie-di-foria","tag-notizie-di-latina","tag-nuovo-gruppo-parlamentare-con-trano","tag-raffele-trano","tag-trano-camera-dei-deputati"],"_links":{"self":[{"href":"https:\/\/www.radioluna.it\/news\/wp-json\/wp\/v2\/posts\/285714","targetHints":{"allow":["GET"]}}],"collection":[{"href":"https:\/\/www.radioluna.it\/news\/wp-json\/wp\/v2\/posts"}],"about":[{"href":"https:\/\/www.radioluna.it\/news\/wp-json\/wp\/v2\/types\/post"}],"author":[{"embeddable":true,"href":"https:\/\/www.radioluna.it\/news\/wp-json\/wp\/v2\/users\/62"}],"replies":[{"embeddable":true,"href":"https:\/\/www.radioluna.it\/news\/wp-json\/wp\/v2\/comments?post=285714"}],"version-history":[{"count":0,"href":"https:\/\/www.radioluna.it\/news\/wp-json\/wp\/v2\/posts\/285714\/revisions"}],"wp:attachment":[{"href":"https:\/\/www.radioluna.it\/news\/wp-json\/wp\/v2\/media?parent=285714"}],"wp:term":[{"taxonomy":"category","embeddable":true,"href":"https:\/\/www.radioluna.it\/news\/wp-json\/wp\/v2\/categories?post=285714"},{"taxonomy":"post_tag","embeddable":true,"href":"https:\/\/www.radioluna.it\/news\/wp-json\/wp\/v2\/tags?post=285714"}],"curies":[{"name":"wp","href":"https:\/\/api.w.org\/{rel}","templated":true}]}}