{"id":286312,"date":"2021-03-13T07:10:27","date_gmt":"2021-03-13T06:10:27","guid":{"rendered":"https:\/\/www.radioluna.it\/news\/?p=286312"},"modified":"2021-03-13T07:10:27","modified_gmt":"2021-03-13T06:10:27","slug":"lazio-entra-in-giunta-il-movimento-cinquestelle-ambiente-e-agricoltura-di-nuovo-divisi","status":"publish","type":"post","link":"https:\/\/www.radioluna.it\/news\/2021\/03\/lazio-entra-in-giunta-il-movimento-cinquestelle-ambiente-e-agricoltura-di-nuovo-divisi\/","title":{"rendered":"Lazio, entra in giunta il Movimento CinqueStelle: Ambiente e Agricoltura di nuovo divisi"},"content":{"rendered":"<div id=\"fb-root\"><\/div>\n<p style=\"text-align: justify;\">Il Presidente della Regione Lazio Nicola Zingaretti ha presentato la nuova giunta nata dall&#8217;accordo programmatico all&#8217;interno del Consiglio Regionale del Lazio con il Movimento CinqueStelle. Un accordo basato sul programma &#8211; \u00e8 stato spiegato\u00a0 &#8211;\u00a0 &#8220;Prima di tutto la salute e il lavoro&#8221; scritto per portare a termine la legislatura attraverso nuove azioni e nuovi impegni: un nuovo programma modulato per far fronte alla crisi pandemica e alle richieste di imprese, famiglie e lavoratori della nostra Regione<\/p>\n<p style=\"text-align: justify;\">&#8220;Siamo convinti\u00a0 &#8211; ha detto Zingaretti &#8211; che l&#8217;Italia, la nostra regione, la nostra comunit\u00e0 ora abbia bisogno di affrontare alcune grandi emergenze: fermare la pandemia con misure di contenimento e correndo nella campagna vaccinale. Accanto agli aspetti sanitari c&#8217;\u00e8 l&#8217;urgenza sociale e del lavoro: abbiamo davanti la grande sfida di ricostruire la fiducia. Insieme abbiamo avuto la passione e il coraggio di provare a realizzare questa unit\u00e0, tutti abbiamo fatto un passo in avanti e abbiamo deciso di occuparci del bene comune in maniera pi\u00f9 seria per lo sviluppo e l&#8217;innovazione. Oltre a tutte le forze \u00e8 un fatto politico nuovo, con movimento 5 stelle \u00e8 un accordo alla luce del sole, dopo mesi di dura opposizione, ma anche di confronto nel merito dei contenuti. Oggi diamo vita a una nuova maggioranza e credo il risultato sia quello di una politica pi\u00f9 credibile e di un Lazio pi\u00f9 forte. Mai la Regione ha avuto la stessa figura del presidente per due volte consecutive e per la prima volta due squadre si uniscono per lavorare per il bene comune della comunit\u00e0. Il segno che la politica, se vuole, pu\u00f2 avvicinarsi per risolvere problemi persone&#8221; &#8211;\u00a0 sono state le parole del Presidente della Regione Lazio Nicola Zingaretti, presentando alla stampa la nuova giunta.<\/p>\n<p style=\"text-align: justify;\">Tornano separati gli assessorati all&#8217;Agricoltura e all&#8217;Ambiente: la pontina Enrica Onorati resta titolare dell&#8217;Agricoltura mentre Roberta Lombardi guider\u00e0 l&#8217;assessorato alla transizione ecologica. &#8220;Tre anni incredibili, intensi e preziosi. Esser stata protagonista del progetto pilota della Giunta Zingaretti di coniugare agricoltura e ambiente, tematiche sino ad allora impensabili da avvicinare, \u00e8 stato un onore&#8221;, ha detto la onorati dando il benvenuto in Giunta alla collega del Movimento Cinque Stelle.<\/p>\n<p>La nuova Giunta \u00e8 cos\u00ec composta:<br \/>\n&#8211;\u00a0Daniele Leodori\u00a0&#8211; Programmazione Economica, Bilancio, Demanio e Patrimonio, Rapporti Istituzionali, Rapporti con il Consiglio Regionale, Accordi di Programma e Conferenza di Servizi<br \/>\n&#8211;\u00a0\u00a0Alessandra Troncarelli\u00a0&#8211; Politiche Sociali, Welfare, Beni Comuni e ASP (azienda pubblica di servizi alla persona)<br \/>\n&#8211;\u00a0\u00a0Enrica Onorati\u00a0\u2013 Agricoltura, Foreste, Promozione della Filiera e della Cultura del Cibo, Pari Opportunit\u00e0<br \/>\n&#8211;\u00a0\u00a0Claudio Di Berardino\u00a0\u2013 Lavoro e nuovi diritti, Scuola e Formazione, Politiche per la ricostruzione, Personale<br \/>\n&#8211;\u00a0\u00a0Paolo Orneli\u00a0\u2013 Sviluppo Economico, Commercio e Artigianato, Universit\u00e0, Ricerca, Start &#8211; Up e Innovazione<br \/>\n&#8211;\u00a0\u00a0Alessio D\u2019Amato\u00a0&#8211; Sanit\u00e0 e Integrazione Socio-Sanitaria<br \/>\n&#8211;\u00a0\u00a0Mauro Alessandri\u00a0&#8211; Lavori Pubblici e Tutela del Territorio, Mobilit\u00e0<br \/>\n&#8211;\u00a0\u00a0Massimiliano Valeriani\u00a0&#8211; Politiche Abitative, Urbanistica, Ciclo dei rifiuti e impianti di trattamento, Smaltimento e Recupero<br \/>\n&#8211;\u00a0\u00a0Valentina Corrado\u00a0&#8211; Turismo, Enti Locali, Sicurezza Urbana, Polizia Locale e Semplificazione Amministrativa<br \/>\n&#8211;\u00a0\u00a0Roberta Lombardi\u00a0&#8211; Transizione Ecologica e Trasformazione Digitale (Ambiente e Risorse Naturali, Energia, Agenda Digitale e Investimenti Verdi)<\/p>\n","protected":false},"excerpt":{"rendered":"<p>Il Presidente della Regione Lazio Nicola Zingaretti ha presentato la nuova giunta nata dall&#8217;accordo programmatico all&#8217;interno del Consiglio Regionale del Lazio con il Movimento CinqueStelle. Un accordo basato sul programma &#8211; \u00e8 stato spiegato\u00a0 &#8211;\u00a0 &#8220;Prima di tutto la salute e il lavoro&#8221; scritto per portare a termine la legislatura attraverso nuove azioni e nuovi [&hellip;]<\/p>\n","protected":false},"author":60,"featured_media":286313,"comment_status":"open","ping_status":"open","sticky":false,"template":"","format":"standard","meta":{"footnotes":""},"categories":[8],"tags":[4069],"class_list":["post-286312","post","type-post","status-publish","format-standard","has-post-thumbnail","hentry","category-politica","tag-giunta-regionale-del-lazio"],"_links":{"self":[{"href":"https:\/\/www.radioluna.it\/news\/wp-json\/wp\/v2\/posts\/286312","targetHints":{"allow":["GET"]}}],"collection":[{"href":"https:\/\/www.radioluna.it\/news\/wp-json\/wp\/v2\/posts"}],"about":[{"href":"https:\/\/www.radioluna.it\/news\/wp-json\/wp\/v2\/types\/post"}],"author":[{"embeddable":true,"href":"https:\/\/www.radioluna.it\/news\/wp-json\/wp\/v2\/users\/60"}],"replies":[{"embeddable":true,"href":"https:\/\/www.radioluna.it\/news\/wp-json\/wp\/v2\/comments?post=286312"}],"version-history":[{"count":0,"href":"https:\/\/www.radioluna.it\/news\/wp-json\/wp\/v2\/posts\/286312\/revisions"}],"wp:featuredmedia":[{"embeddable":true,"href":"https:\/\/www.radioluna.it\/news\/wp-json\/wp\/v2\/media\/286313"}],"wp:attachment":[{"href":"https:\/\/www.radioluna.it\/news\/wp-json\/wp\/v2\/media?parent=286312"}],"wp:term":[{"taxonomy":"category","embeddable":true,"href":"https:\/\/www.radioluna.it\/news\/wp-json\/wp\/v2\/categories?post=286312"},{"taxonomy":"post_tag","embeddable":true,"href":"https:\/\/www.radioluna.it\/news\/wp-json\/wp\/v2\/tags?post=286312"}],"curies":[{"name":"wp","href":"https:\/\/api.w.org\/{rel}","templated":true}]}}