{"id":286452,"date":"2021-03-15T12:41:46","date_gmt":"2021-03-15T11:41:46","guid":{"rendered":"https:\/\/www.radioluna.it\/news\/?p=286452"},"modified":"2021-03-15T13:02:13","modified_gmt":"2021-03-15T12:02:13","slug":"a-latina-occupazione-femminile-sotto-la-media-nazionale-da-lbc-una-proposta-al-consiglio-comunale","status":"publish","type":"post","link":"https:\/\/www.radioluna.it\/news\/2021\/03\/a-latina-occupazione-femminile-sotto-la-media-nazionale-da-lbc-una-proposta-al-consiglio-comunale\/","title":{"rendered":"A Latina occupazione femminile sotto la media nazionale, da Lbc una proposta al Consiglio comunale"},"content":{"rendered":"<div id=\"fb-root\"><\/div>\n<p>(a destra Elettra Ortu La Barbera con la collega e consigliera di Latina Bene Comune Gabriella Monteforte)<\/p>\n<p style=\"text-align: justify;\"><strong>LATINA &#8211;<\/strong> <strong>In provincia di Latina l&#8217;occupazione femminile \u00e8 sotto la media nazionale<\/strong> gi\u00e0 dal 2019, con un tasso di disoccupazione del 18,2% a fronte dell\u201910% del Lazio e dell&#8217;11% della media nazionale, e di un tasso di occupazione del 41,9% a fronte del 53% del Lazio e del 50% della media nazionale. Sono alcuni dei dati illustrati dalla segretaria di <strong>Latina Bene Comune\u00a0 Elettra Ortu La Barbera<\/strong> in occasione del focus online\u00a0 dal titolo: &#8220;L&#8217;8 per il lavoro&#8221; che si \u00e8 tenuto nei giorni scorsi con la partecipazione, fra gli altri, della professoressa Azzurra Rinaldi della facolt\u00e0 di Economia della Sapienza Universit\u00e0 di Roma, dell\u2019economista Giovanna Badalassi fondatrice di Ladynomics, esperta di bilancio di genere, e dell&#8217;imprenditrice Mara De Longis cofondatrice di LaB.<\/p>\n<p style=\"text-align: justify;\">&#8220;Lo scenario locale non \u00e8 incoraggiante e aumenta il numero di donne che non cerca pi\u00f9 lavoro, perch\u00e9 sommersa dall\u2019effetto sandwich del lavoro non retribuito di cura dei figli e dei genitori anziani&#8221;, aggiunge la segretaria di Latina Bene Comune che annuncia un documento, da presentare in Consiglio Comunale, che punta ad attuare strategie locali di \u00a0riduzione delle disuguaglianze di genere nel mondo del lavoro.<\/p>\n<p style=\"text-align: justify;\">&#8220;Il ruolo della politica &#8211; spiega la segretaria LBC Elettra Ortu La Barbera &#8211; \u00e8 fondamentale per indirizzare le azioni di contrasto alle disuguaglianze che devono essere mirate e misurabili. LBC \u00e8 da sempre impegnata su questi fronti e la lotta al divario di genere rappresenta uno degli assi portanti del suo indirizzo. <strong>Come proposta concreta<\/strong>, <strong>verr\u00e0 intanto portata in consiglio comunale quella inviata a tutti i comuni italiani dalla community di donne il Giusto Mezzo, denominata &#8220;L\u2019otto in Comune&#8221;<\/strong> che mira a far prendere ai Comuni impegni <strong>per prevenire il divario di genere attraverso scelte amministrative mirate<\/strong>. Una di queste potrebbe essere l&#8217;introduzione del <strong>bilancio di genere<\/strong> nel Comune di Latina, uno strumento importante per il mantenimento di certi equilibri e per favorire politiche di conciliazione dei tempi vita-lavoro.<\/p>\n<p style=\"text-align: justify;\"><strong>Occorre un cambio culturale<\/strong>, che riesca a superare gli stereotipi che vedono la donna troppo spesso impegnata solo in alcune professioni e che possa mettere le donne nelle condizioni di avere le stesse opportunit\u00e0 di partenza degli uomini e le stesse condizioni economiche e di carriera. Su questo ora pi\u00f9 che mai la politica e le istituzioni hanno la responsabilit\u00e0 di agire e di intervenire con efficacia&#8221;.<\/p>\n<p style=\"text-align: justify;\">\u201c<strong>L\u2019ente locale pu\u00f2 svolgere un ruolo molto importante in questa fase: promuovere e realizzare interventi correttivi degli squilibri di genere<\/strong> per liberare il tempo delle donne e promuoverne l\u2019inserimento anche in settori a tradizionale presenza maschile. Questo si pu\u00f2 fare se lavoriamo in ottica di genere integrando politiche e programmazioni su obiettivi condivisi con le nostre comunit\u00e0\u201d \u2013 ha detto <strong>l\u2019assessora al Welfare e alle pari Opportunit\u00e0, Patrizia Ciccarelli.<\/strong><\/p>\n<p>&nbsp;<\/p>\n","protected":false},"excerpt":{"rendered":"<p>(a destra Elettra Ortu La Barbera con la collega e consigliera di Latina Bene Comune Gabriella Monteforte) LATINA &#8211; In provincia di Latina l&#8217;occupazione femminile \u00e8 sotto la media nazionale gi\u00e0 dal 2019, con un tasso di disoccupazione del 18,2% a fronte dell\u201910% del Lazio e dell&#8217;11% della media nazionale, e di un tasso di [&hellip;]<\/p>\n","protected":false},"author":62,"featured_media":269960,"comment_status":"open","ping_status":"open","sticky":false,"template":"","format":"standard","meta":{"footnotes":""},"categories":[2775],"tags":[4091,4089,23,4090,2154],"class_list":["post-286452","post","type-post","status-publish","format-standard","has-post-thumbnail","hentry","category-societa","tag-donne-e-lavoro-a-latina","tag-elettra-ortu","tag-latina","tag-latina-bene-comune","tag-notizie-di-latina"],"_links":{"self":[{"href":"https:\/\/www.radioluna.it\/news\/wp-json\/wp\/v2\/posts\/286452","targetHints":{"allow":["GET"]}}],"collection":[{"href":"https:\/\/www.radioluna.it\/news\/wp-json\/wp\/v2\/posts"}],"about":[{"href":"https:\/\/www.radioluna.it\/news\/wp-json\/wp\/v2\/types\/post"}],"author":[{"embeddable":true,"href":"https:\/\/www.radioluna.it\/news\/wp-json\/wp\/v2\/users\/62"}],"replies":[{"embeddable":true,"href":"https:\/\/www.radioluna.it\/news\/wp-json\/wp\/v2\/comments?post=286452"}],"version-history":[{"count":0,"href":"https:\/\/www.radioluna.it\/news\/wp-json\/wp\/v2\/posts\/286452\/revisions"}],"wp:featuredmedia":[{"embeddable":true,"href":"https:\/\/www.radioluna.it\/news\/wp-json\/wp\/v2\/media\/269960"}],"wp:attachment":[{"href":"https:\/\/www.radioluna.it\/news\/wp-json\/wp\/v2\/media?parent=286452"}],"wp:term":[{"taxonomy":"category","embeddable":true,"href":"https:\/\/www.radioluna.it\/news\/wp-json\/wp\/v2\/categories?post=286452"},{"taxonomy":"post_tag","embeddable":true,"href":"https:\/\/www.radioluna.it\/news\/wp-json\/wp\/v2\/tags?post=286452"}],"curies":[{"name":"wp","href":"https:\/\/api.w.org\/{rel}","templated":true}]}}