{"id":286832,"date":"2021-03-21T10:06:41","date_gmt":"2021-03-21T09:06:41","guid":{"rendered":"https:\/\/www.radioluna.it\/news\/?p=286832"},"modified":"2021-03-21T10:06:41","modified_gmt":"2021-03-21T09:06:41","slug":"i-contagi-non-diminuiscono-sono-195-muore-un-paziente-di-58-anni","status":"publish","type":"post","link":"https:\/\/www.radioluna.it\/news\/2021\/03\/i-contagi-non-diminuiscono-sono-195-muore-un-paziente-di-58-anni\/","title":{"rendered":"I contagi non diminuiscono, sono 195. Muore un paziente di 58 anni"},"content":{"rendered":"<div id=\"fb-root\"><\/div>\n<p style=\"text-align: justify;\"><strong>LATINA<\/strong> &#8211; Resta elevato il numero dei contagi da Covid registrati in provincia di Latina: 195 nel bollettino della Asl di Latina del 20 marzo e due decessi al Goretti, di pazienti di 58 e 74 anni di Priverno e Castelforte. 118 i pazienti guariti.<\/p>\n<p style=\"text-align: justify;\">Preoccupano i 26 nuovi casi di Fondi dove il covid ha ripreso vigore, cos\u00ec come la serie ancora in aumento registrata nei piccoli Comuni di Cori e Pontinia con 15 e la variante inglese,\u00a0 di Priverno con 14. In otto comuni si concentra la maggior parte dei casi.<\/p>\n<p style=\"text-align: justify;\"><strong>I VACCINI<\/strong> &#8211; Ripresa a pieno ritmo la somministrazione dei vaccini Astrazeneca anche a Latina, ma ci sono state rinunce che hanno superato la media nazionale: il 6,5 % dei prenotati non si \u00e8 presentato all\u2019appuntamento. Si tratta di 17 rinunce a fronte di 260 dosi programmate, un numero nettamente superiore rispetto alle rinunce precedenti la data di sospensione del siero \u00a0che \u00e8 stato poi nuovamente autorizzato. Secondo quanto reso noto dalla Asl di Latina le dosi rimaste sono state tutte somministrate a persone in panchina recuperando\u00a0 &#8211; ha fatto sapere il dottor Loreto Bevilacqua responsabile della campagna vaccinale\u00a0 \u00a0&#8211; ancora non fatte a categorie prenotate attraverso gli ordini professionali di appartenenza,\u00a0 soprattutto sanitari operanti nel settore privato che non si erano iscritti nella finestra a loro dedicata.<\/p>\n<p>Intanto con Pfizer &#8220;La cosa pi\u00f9 importante \u00e8 che siamo vicino alla copertura del 100% degli over 80 \u2013 Lo ha detto il presidente del Lazio Nicola Zingaretti intyervenendo alla Nuvola- Questo vorr\u00e0 dire abbattere il tasso di mortalit\u00e0 nel Lazio in maniera drastica, visto che era questa la fascia di et\u00e0 da dove purtroppo veniva la maggiore presenza di decessi&#8221;.<\/p>\n<p style=\"text-align: justify;\"><strong>NEL LAZIO<\/strong> &#8211;\u00a0 Sabato \u00a0su oltre 17 mila tamponi nel Lazio e quasi 20 mila antigenici per un totale di oltre 37 mila test, sono emersi 1.821 casi positivi, 24 decessi e +738 i guariti. L&#8217;assessore regionale Alessio D&#8217;Amato ha spiegato che &#8220;Diminuiscono i casi e i decessi, mentre aumentano i ricoveri e sono stabili le terapie intensive. Il rapporto tra positivi e tamponi \u00e8 a 10%, ma se consideriamo anche gli antigenici la percentuale \u00e8 al 4%&#8221;.<\/p>\n","protected":false},"excerpt":{"rendered":"<p>LATINA &#8211; Resta elevato il numero dei contagi da Covid registrati in provincia di Latina: 195 nel bollettino della Asl di Latina del 20 marzo e due decessi al Goretti, di pazienti di 58 e 74 anni di Priverno e Castelforte. 118 i pazienti guariti. Preoccupano i 26 nuovi casi di Fondi dove il covid [&hellip;]<\/p>\n","protected":false},"author":62,"featured_media":286833,"comment_status":"open","ping_status":"open","sticky":false,"template":"","format":"standard","meta":{"footnotes":""},"categories":[2616],"tags":[],"class_list":["post-286832","post","type-post","status-publish","format-standard","has-post-thumbnail","hentry","category-sanita"],"_links":{"self":[{"href":"https:\/\/www.radioluna.it\/news\/wp-json\/wp\/v2\/posts\/286832","targetHints":{"allow":["GET"]}}],"collection":[{"href":"https:\/\/www.radioluna.it\/news\/wp-json\/wp\/v2\/posts"}],"about":[{"href":"https:\/\/www.radioluna.it\/news\/wp-json\/wp\/v2\/types\/post"}],"author":[{"embeddable":true,"href":"https:\/\/www.radioluna.it\/news\/wp-json\/wp\/v2\/users\/62"}],"replies":[{"embeddable":true,"href":"https:\/\/www.radioluna.it\/news\/wp-json\/wp\/v2\/comments?post=286832"}],"version-history":[{"count":0,"href":"https:\/\/www.radioluna.it\/news\/wp-json\/wp\/v2\/posts\/286832\/revisions"}],"wp:featuredmedia":[{"embeddable":true,"href":"https:\/\/www.radioluna.it\/news\/wp-json\/wp\/v2\/media\/286833"}],"wp:attachment":[{"href":"https:\/\/www.radioluna.it\/news\/wp-json\/wp\/v2\/media?parent=286832"}],"wp:term":[{"taxonomy":"category","embeddable":true,"href":"https:\/\/www.radioluna.it\/news\/wp-json\/wp\/v2\/categories?post=286832"},{"taxonomy":"post_tag","embeddable":true,"href":"https:\/\/www.radioluna.it\/news\/wp-json\/wp\/v2\/tags?post=286832"}],"curies":[{"name":"wp","href":"https:\/\/api.w.org\/{rel}","templated":true}]}}