{"id":287138,"date":"2021-03-26T07:05:42","date_gmt":"2021-03-26T06:05:42","guid":{"rendered":"https:\/\/www.radioluna.it\/news\/?p=287138"},"modified":"2021-03-29T11:15:02","modified_gmt":"2021-03-29T09:15:02","slug":"in-consiglio-comunale-il-no-di-latina-al-sito-di-stoccaggio-sulla-migliara-45","status":"publish","type":"post","link":"https:\/\/www.radioluna.it\/news\/2021\/03\/in-consiglio-comunale-il-no-di-latina-al-sito-di-stoccaggio-sulla-migliara-45\/","title":{"rendered":"In consiglio comunale il &#8220;no&#8221; di Latina al sito di stoccaggio sulla Migliara 45"},"content":{"rendered":"<div id=\"fb-root\"><\/div>\n<p style=\"text-align: justify;\"><strong>LATINA<\/strong> &#8211; Il consiglio comunale di Latina ha approvato la mozione proposta dalla maggioranza di <strong>Latina Bene Comune<\/strong> sul &#8220;<strong>No&#8221; al sito di stoccaggio nella zona della Migliara 45.<\/strong> Fondamentale per arrivare a questo atto &#8211; spiegano dal Gruppo consiliare di maggioranza in una nota &#8211; il parere tecnico dei consulenti del <strong>Comune di Latina<\/strong>, che nelle settimane scorse hanno effettuato una valutazione oggettiva dell\u2019area. Non ci sono infatti a parere del <strong>geologo Massimo Amodio<\/strong> e del <strong>geometra Giorgio Libralato<\/strong> le condizioni sufficienti di protezione ambientale.<\/p>\n<p style=\"text-align: justify;\">Il testo stesso della mozione di Lbc contiene proprio dal parere degli esperti: \u201cIl sito non \u00e8 in grado di garantire l\u2019azione dei sistemi naturali in caso di default dei sistemi ingegneristici\/tecnologici\u201d; inoltre le acque del sottosuolo drenano verso il mare ed \u201ceventuali infiltrazioni di inquinanti porterebbero a migrare la contaminazione verso siti di alto valore ambientale e investirebbero siti produttivi che utilizzano la risorsa idrica sotterranea nei propri cicli produttivi\u201d, oltre a comportare \u201cun forte deperimento o persino la perdita totale delle fondamentali funzioni ambientali ed ecologiche del Fosso della Novella e del Rio Martino\u201d; l\u2019area individuata infine non garantirebbe la distanza minima di 500 metri dalle case.<\/p>\n<p style=\"text-align: justify;\">L\u2019intento della mozione approvata \u00e8 dunque quello di respingere l\u2019ipotesi di un sito di stoccaggio in quell\u2019area e di trasmettere a tutti gli organi interessati &#8211; <strong>Provincia di Latina, Regione Lazio e Commissario ad acta<\/strong> indicato dal Ministero della Transizione ecologica &#8211; la relazione tecnica con le problematiche e le incompatibilit\u00e0 evidenziate, ed anche \u201cdi voler proseguire il percorso di programmazione e chiusura del ciclo dei rifiuti secondo quanto gi\u00e0 concordato in sede provinciale e nella conferenza dei sindaci, richiamando tutti i territori coinvolti ad un comportamento efficace e responsabile\u201d.<\/p>\n<p style=\"text-align: justify;\">\u201cQuesta mozione \u2013 spiega la <strong>presidente della commissione Ambiente, Loretta Isotton<\/strong> \u2013 \u00e8 nata dopo la relazione tecnica dei due esperti e dopo l&#8217;ascolto dei cittadini residenti e dei sindacati della Plasmon, si manifesta il nostro No al sito di stoccaggio in questa area, perch\u00e9 non presenta le caratteristiche idonee previste anche dal piano provinciale industriale sulla chiusura del ciclo dei rifiuti. Questo non ci esime dalla responsabilit\u00e0 di essere aperti e propositivi rispetto alla individuazione di altri luoghi, che non obbligatoriamente devono essere trovati sul territorio comunale se non ci sono le caratteristiche idonee. La soluzione deve essere trovata comunque nel contesto provinciale, perch\u00e9 dobbiamo considerarci una comunit\u00e0 responsabile e consapevole che sa trovare soluzione. I confini comunali esistono solo sulle carta: in realt\u00e0 nei territori non abbiamo confini cos\u00ec netti tra un comune ed un altro, perch\u00e9 se pensiamo alle acque esse si spostano velocemente da un territorio comunale ad un altro e giungono al mare, e il mare \u00e8 di tutti. Cos\u00ec per le falde e l&#8217;aria sono entrambe soggette per la loro natura a spostarsi con il pericolo di inquinamento nel circondario o anche a molta distanza. Sarebbe sempre opportuno considerare pi\u00f9 siti almeno due, ma meglio tre, distribuiti nelle varie aree della provincia\u201d.<\/p>\n<div class=\"radio-posizionamento-telefono-in-articoli-dopo-il-contenuto-articolo radio-entity-placement\" id=\"radio-3272654125\"><div id=\"radio-1130194324\"><a href=\"https:\/\/www.simeoneceramiche.com\/\" aria-label=\"SIMEONE CERAMICHE GIF animata per radioluna_Tavola disegno 1 copia 2 (online-video-cutter.com)\"><img loading=\"lazy\" decoding=\"async\" src=\"https:\/\/www.radioluna.it\/news\/wp-content\/uploads\/2025\/05\/SIMEONE-CERAMICHE-GIF-animata-per-radioluna_Tavola-disegno-1-copia-2-online-video-cutter.com_.gif\" alt=\"\"  width=\"300\" height=\"250\"   \/><\/a><\/div><\/div>","protected":false},"excerpt":{"rendered":"<p>LATINA &#8211; Il consiglio comunale di Latina ha approvato la mozione proposta dalla maggioranza di Latina Bene Comune sul &#8220;No&#8221; al sito di stoccaggio nella zona della Migliara 45. Fondamentale per arrivare a questo atto &#8211; spiegano dal Gruppo consiliare di maggioranza in una nota &#8211; il parere tecnico dei consulenti del Comune di Latina, [&hellip;]<\/p>\n","protected":false},"author":62,"featured_media":178808,"comment_status":"open","ping_status":"open","sticky":false,"template":"","format":"standard","meta":{"footnotes":""},"categories":[2403,8],"tags":[],"class_list":["post-287138","post","type-post","status-publish","format-standard","has-post-thumbnail","hentry","category-le-cose-in-comune","category-politica"],"_links":{"self":[{"href":"https:\/\/www.radioluna.it\/news\/wp-json\/wp\/v2\/posts\/287138","targetHints":{"allow":["GET"]}}],"collection":[{"href":"https:\/\/www.radioluna.it\/news\/wp-json\/wp\/v2\/posts"}],"about":[{"href":"https:\/\/www.radioluna.it\/news\/wp-json\/wp\/v2\/types\/post"}],"author":[{"embeddable":true,"href":"https:\/\/www.radioluna.it\/news\/wp-json\/wp\/v2\/users\/62"}],"replies":[{"embeddable":true,"href":"https:\/\/www.radioluna.it\/news\/wp-json\/wp\/v2\/comments?post=287138"}],"version-history":[{"count":0,"href":"https:\/\/www.radioluna.it\/news\/wp-json\/wp\/v2\/posts\/287138\/revisions"}],"wp:featuredmedia":[{"embeddable":true,"href":"https:\/\/www.radioluna.it\/news\/wp-json\/wp\/v2\/media\/178808"}],"wp:attachment":[{"href":"https:\/\/www.radioluna.it\/news\/wp-json\/wp\/v2\/media?parent=287138"}],"wp:term":[{"taxonomy":"category","embeddable":true,"href":"https:\/\/www.radioluna.it\/news\/wp-json\/wp\/v2\/categories?post=287138"},{"taxonomy":"post_tag","embeddable":true,"href":"https:\/\/www.radioluna.it\/news\/wp-json\/wp\/v2\/tags?post=287138"}],"curies":[{"name":"wp","href":"https:\/\/api.w.org\/{rel}","templated":true}]}}