{"id":287140,"date":"2021-03-26T07:15:52","date_gmt":"2021-03-26T06:15:52","guid":{"rendered":"https:\/\/www.radioluna.it\/news\/?p=287140"},"modified":"2021-03-29T11:11:48","modified_gmt":"2021-03-29T09:11:48","slug":"e-ufficiale-sami-modiano-e-liliana-segre-e-il-milite-ignoto-cittadini-onorari-di-latina","status":"publish","type":"post","link":"https:\/\/www.radioluna.it\/news\/2021\/03\/e-ufficiale-sami-modiano-e-liliana-segre-e-il-milite-ignoto-cittadini-onorari-di-latina\/","title":{"rendered":"Sami Modiano, Liliana Segre e il Milite Ignoto cittadini onorari di Latina"},"content":{"rendered":"<div id=\"fb-root\"><\/div>\n<p style=\"text-align: justify;\"><strong>LATINA &#8211;<\/strong> La proposta era arrivata nel bel mezzo del recente periodo buio per il nostro Paese, tra rigurgiti di razzismo e antisemitismo ostentati. Ora che i passaggi burocratici si sono completati, \u00e8 arrivata anche l&#8217;ufficialit\u00e0 e il Consiglio comunale di Latina ha approvato all\u2019unanimit\u00e0 dei presenti entrambe le delibere con le quali viene ufficialmente conferita la cittadinanza onoraria a<strong> Liliana Segre e Sami Modiano.<\/strong><\/p>\n<p style=\"text-align: justify;\">\u00ab\u00c8 un orgoglio per Latina avere due concittadini come Liliana Segre e Sami Modiano &#8211; ha commentato\u00a0 \u00a0Sindaco Damiano Coletta &#8211;\u00a0 Il loro messaggio sul primato dei diritti umani \u00e8 un patrimonio di tutti e raccoglie valori comuni imprescindibili per la convivenza civile e per i quali ognuno di noi deve impegnarsi individualmente e collettivamente. C\u2019\u00e8 una frase che vorrei ricordare in questa giornata, un pensiero proprio di Liliana Segre: la memoria \u00e8 l\u2019unico vaccino contro l\u2019indifferenza. La tutela dei diritti umani parte dalla consapevolezza, dalla conoscenza e dalla sensibilit\u00e0. E la comunit\u00e0 di Latina ha in s\u00e9 tutti questi valori. Speriamo di poterli incontrare presto, Liliana Segre e Sami Modiano. Li aspettiamo qui a Latina, che da oggi \u00e8 anche la loro citt\u00e0\u00bb.<\/p>\n<p>Nella seduta odierna, inoltre, il Consiglio comunale di Latina ha deliberato, sempre all\u2019unanimit\u00e0 dei presenti, il conferimento della cittadinanza onoraria alla simbolica figura del Milite Ignoto: \u00abUn gesto &#8211; ha aggiunto il Sindaco Coletta &#8211; che vuole rappresentare la sensibilit\u00e0 della nostra comunit\u00e0 in ricordo del sacrificio di tanti italiani nei conflitti armati\u00bb.\n<\/p>\n<div class=\"o9v6fnle cxmmr5t8 oygrvhab hcukyx3x c1et5uql ii04i59q\" style=\"text-align: justify;\">\n<div dir=\"auto\"><\/div>\n<\/div>\n<div class=\"radio-posizionamento-telefono-in-articoli-dopo-il-contenuto-articolo radio-entity-placement\" id=\"radio-1727607981\"><div id=\"radio-2033687395\"><a href=\"https:\/\/www.simeoneceramiche.com\/\" aria-label=\"SIMEONE CERAMICHE GIF animata per radioluna_Tavola disegno 1 copia 2 (online-video-cutter.com)\"><img loading=\"lazy\" decoding=\"async\" src=\"https:\/\/www.radioluna.it\/news\/wp-content\/uploads\/2025\/05\/SIMEONE-CERAMICHE-GIF-animata-per-radioluna_Tavola-disegno-1-copia-2-online-video-cutter.com_.gif\" alt=\"\"  width=\"300\" height=\"250\"   \/><\/a><\/div><\/div>","protected":false},"excerpt":{"rendered":"<p>LATINA &#8211; La proposta era arrivata nel bel mezzo del recente periodo buio per il nostro Paese, tra rigurgiti di razzismo e antisemitismo ostentati. Ora che i passaggi burocratici si sono completati, \u00e8 arrivata anche l&#8217;ufficialit\u00e0 e il Consiglio comunale di Latina ha approvato all\u2019unanimit\u00e0 dei presenti entrambe le delibere con le quali viene ufficialmente [&hellip;]<\/p>\n","protected":false},"author":62,"featured_media":287141,"comment_status":"open","ping_status":"open","sticky":false,"template":"","format":"standard","meta":{"footnotes":""},"categories":[2403,2775],"tags":[],"class_list":["post-287140","post","type-post","status-publish","format-standard","has-post-thumbnail","hentry","category-le-cose-in-comune","category-societa"],"_links":{"self":[{"href":"https:\/\/www.radioluna.it\/news\/wp-json\/wp\/v2\/posts\/287140","targetHints":{"allow":["GET"]}}],"collection":[{"href":"https:\/\/www.radioluna.it\/news\/wp-json\/wp\/v2\/posts"}],"about":[{"href":"https:\/\/www.radioluna.it\/news\/wp-json\/wp\/v2\/types\/post"}],"author":[{"embeddable":true,"href":"https:\/\/www.radioluna.it\/news\/wp-json\/wp\/v2\/users\/62"}],"replies":[{"embeddable":true,"href":"https:\/\/www.radioluna.it\/news\/wp-json\/wp\/v2\/comments?post=287140"}],"version-history":[{"count":0,"href":"https:\/\/www.radioluna.it\/news\/wp-json\/wp\/v2\/posts\/287140\/revisions"}],"wp:featuredmedia":[{"embeddable":true,"href":"https:\/\/www.radioluna.it\/news\/wp-json\/wp\/v2\/media\/287141"}],"wp:attachment":[{"href":"https:\/\/www.radioluna.it\/news\/wp-json\/wp\/v2\/media?parent=287140"}],"wp:term":[{"taxonomy":"category","embeddable":true,"href":"https:\/\/www.radioluna.it\/news\/wp-json\/wp\/v2\/categories?post=287140"},{"taxonomy":"post_tag","embeddable":true,"href":"https:\/\/www.radioluna.it\/news\/wp-json\/wp\/v2\/tags?post=287140"}],"curies":[{"name":"wp","href":"https:\/\/api.w.org\/{rel}","templated":true}]}}