{"id":287300,"date":"2021-03-29T09:32:37","date_gmt":"2021-03-29T07:32:37","guid":{"rendered":"https:\/\/www.radioluna.it\/news\/?p=287300"},"modified":"2021-04-02T12:22:59","modified_gmt":"2021-04-02T10:22:59","slug":"cori-racconta-la-sua-pandemia-da-covid-con-un-film-di-antonio-todini","status":"publish","type":"post","link":"https:\/\/www.radioluna.it\/news\/2021\/03\/cori-racconta-la-sua-pandemia-da-covid-con-un-film-di-antonio-todini\/","title":{"rendered":"Cori racconta la sua pandemia da Covid con un film di Antonio Todini"},"content":{"rendered":"<div id=\"fb-root\"><\/div>\n<p style=\"text-align: justify;\"><strong>CORI<\/strong> &#8211;\u00a0 In un documentario, diviso in tre parti, il comune lepino di Cori racconta come ha affrontato e sta affrontando la pandemia da Covid-19. La giunta comunale ha deciso di patrocinare l&#8217;idea del corese Antonio Todini, laureato in antropologia culturale ed etnologia e che, attualmente, sta approfondendo la sua formazione professionale come fotoreporter e videomaker.<\/p>\n<p style=\"text-align: justify;\">&#8220;Il progetto si sviluppa in pi\u00f9 parti, ciascuna della durata di circa un\u2019ora, e l\u2019obiettivo \u00e8 quello di narrare in che modo il territorio di Cori abbia vissuto e fatto fronte (e in che modo, purtroppo, lo stia ancora facendo) alla pandemia dovuta al Coronavirus&#8221;, spiegano dall&#8217;Ente in\u00a0 una nota.<\/p>\n<p style=\"text-align: justify;\">La prima parte del lavoro, intitolata \u201cNel nome del Covid\u201d, riguarda la religione e il punto di vista della comunit\u00e0 cattolica. La seconda affronta il tema della salute, l\u2019organizzazione dei medici di famiglia e degli altri operatori sanitari con il titolo provvisorio \u201cI medici della pandemia\u201d, mentre la terza ed ultima parte riguarder\u00e0 la politica, le sinergie attivate tra l\u2019amministrazione, le istituzioni e le associazioni del territorio, con il titolo provvisorio \u201cL\u2019amministrazione del coronavirus\u201d.<\/p>\n<p style=\"text-align: justify;\">\u00abQuesti anni di lotta al Covid19 \u2013 spiega Todini &#8211; rimarranno sui libri di storia. Il virus ha accelerato vertiginosamente i cambiamenti gi\u00e0 in atto ed \u00e8 importante avere una testimonianza che rimanga alle future generazioni. Sebbene il lavoro sia incentrato sul nostro territorio, esso ha un respiro universale: quello che \u00e8 successo a Cori \u00e8 successo grosso modo in tutta Italia. Inoltre, come \u00e8 stato per la globalizzazione e proprio grazie a quest\u2019ultima, tutto il mondo ha subito le tragiche conseguenze della pandemia\u00bb.<\/p>\n<p style=\"text-align: justify;\">\u00abLa promozione di eventi e di iniziative culturali \u00e8 ormai attivit\u00e0 consolidata di questa amministrazione \u2013 commentano il sindaco di Cori, Mauro De Lillis, e l\u2019assessore alla Cultura, Paolo Fantini &#8211; che annualmente programma una significativa molteplicit\u00e0 di iniziative organizzate in proprio ovvero con la collaborazione dell\u2019associazionismo e\/o di singoli cittadini. In questo caso il nostro plauso e il nostro apprezzamento\u00a0vanno\u00a0al lavoro\u00a0di\u00a0Antonio Todini, che con la sua iniziativa affronta un tema delicato, ancora carico di dolore per tutti noi\u00bb.<\/p>\n<p style=\"text-align: justify;\">Il montaggio \u00e8 firmato da Maria Giulia Mancuso Prizzitano, conosciuta alla Scuola di fotografia e scrittura Jack London di Fermo, nelle Marche, mentre ad accompagnare le immagini della trilogia saranno le musiche originali firmate dal maestro Giovanni Monti, nome illustre del panorama culturale corese.<\/p>\n<p>&nbsp;<\/p>\n<div class=\"radio-posizionamento-telefono-in-articoli-dopo-il-contenuto-articolo radio-entity-placement\" id=\"radio-697073426\"><div id=\"radio-1393242404\" style=\"width: 300px;height: 250px;\"><a href=\"https:\/\/www.icarspa.it\/auto\/usate\/latina\/\" aria-label=\"banner aprile icar new life &#8211; auto usate latina\"><img loading=\"lazy\" decoding=\"async\" src=\"https:\/\/www.radioluna.it\/news\/wp-content\/uploads\/2026\/02\/banner-aprile-icar-new-life-auto-usate-latina.gif\" alt=\"\"  width=\"300\" height=\"250\"   \/><\/a><\/div><\/div>","protected":false},"excerpt":{"rendered":"<p>CORI &#8211;\u00a0 In un documentario, diviso in tre parti, il comune lepino di Cori racconta come ha affrontato e sta affrontando la pandemia da Covid-19. La giunta comunale ha deciso di patrocinare l&#8217;idea del corese Antonio Todini, laureato in antropologia culturale ed etnologia e che, attualmente, sta approfondendo la sua formazione professionale come fotoreporter e [&hellip;]<\/p>\n","protected":false},"author":62,"featured_media":287302,"comment_status":"open","ping_status":"open","sticky":false,"template":"","format":"gallery","meta":{"footnotes":""},"categories":[2775],"tags":[],"class_list":["post-287300","post","type-post","status-publish","format-gallery","has-post-thumbnail","hentry","category-societa","post_format-post-format-gallery"],"_links":{"self":[{"href":"https:\/\/www.radioluna.it\/news\/wp-json\/wp\/v2\/posts\/287300","targetHints":{"allow":["GET"]}}],"collection":[{"href":"https:\/\/www.radioluna.it\/news\/wp-json\/wp\/v2\/posts"}],"about":[{"href":"https:\/\/www.radioluna.it\/news\/wp-json\/wp\/v2\/types\/post"}],"author":[{"embeddable":true,"href":"https:\/\/www.radioluna.it\/news\/wp-json\/wp\/v2\/users\/62"}],"replies":[{"embeddable":true,"href":"https:\/\/www.radioluna.it\/news\/wp-json\/wp\/v2\/comments?post=287300"}],"version-history":[{"count":0,"href":"https:\/\/www.radioluna.it\/news\/wp-json\/wp\/v2\/posts\/287300\/revisions"}],"wp:featuredmedia":[{"embeddable":true,"href":"https:\/\/www.radioluna.it\/news\/wp-json\/wp\/v2\/media\/287302"}],"wp:attachment":[{"href":"https:\/\/www.radioluna.it\/news\/wp-json\/wp\/v2\/media?parent=287300"}],"wp:term":[{"taxonomy":"category","embeddable":true,"href":"https:\/\/www.radioluna.it\/news\/wp-json\/wp\/v2\/categories?post=287300"},{"taxonomy":"post_tag","embeddable":true,"href":"https:\/\/www.radioluna.it\/news\/wp-json\/wp\/v2\/tags?post=287300"}],"curies":[{"name":"wp","href":"https:\/\/api.w.org\/{rel}","templated":true}]}}