{"id":287420,"date":"2021-03-30T14:07:16","date_gmt":"2021-03-30T12:07:16","guid":{"rendered":"https:\/\/www.radioluna.it\/news\/?p=287420"},"modified":"2021-03-30T14:07:16","modified_gmt":"2021-03-30T12:07:16","slug":"i-sindaci-pontini-incontrano-la-neo-direttrice-della-asl-silvia-cavalli","status":"publish","type":"post","link":"https:\/\/www.radioluna.it\/news\/2021\/03\/i-sindaci-pontini-incontrano-la-neo-direttrice-della-asl-silvia-cavalli\/","title":{"rendered":"I sindaci pontini incontrano la neo direttrice della Asl Silvia Cavalli"},"content":{"rendered":"<div id=\"fb-root\"><\/div>\n<p style=\"text-align: justify;\"><strong>LATINA &#8211;<\/strong> La situazione della pandemia da Covid-19, la gestione del territorio e la telemedicina sono stati gli argomenti al centro del <strong>primo incontro tra la nuova direttrice generale della ASL Silvia Cavalli<\/strong> e la <strong>conferenza dei sindaci della provincia di Latina<\/strong> presieduta dal sindaco del capoluogo Damiano Coletta che ha dato il benvenuto alla manager insediatasi luned\u00ec scorso, assicurando la piena collaborazione di tutti con l&#8217;azienda nella gestione della pandemia.<br \/>\nLa direttrice generale\u00a0 &#8211; si legge in\u00a0 una nota della <strong>Asl di Latina<\/strong>\u00a0 &#8211; ha riportato i dati dell\u2019attuale situazione pandemica e la programmazione della campagna vaccinale che ha visto negli ultimi giorni l\u2019avvio delle vaccinazioni per gli estremamente fragili secondo gli ordini di priorit\u00e0 espressi dalle linee di indirizzo regionali e l\u2019implementazione della vaccinazione per gli ultraottantenni, grazie alle nuove dosi di vaccino appena inviate dalla Regione. Sar\u00e0 inoltre prevista <strong>una migliore comunicazione con i medici di medicina generale che saranno aggiornati costantemente riguardo alle vaccinazioni effettuate ai propri assistiti over 80<\/strong>.<br \/>\n<strong>IN CONTINUITA&#8217; &#8211;<\/strong> Le linee tracciate appaiono in continuit\u00e0 con il predecessore Giorgio Casati: la Cavalli ha infatti ribadito l\u2019importanza di &#8220;un modello organizzativo che favorisca l\u2019integrazione socio-sanitaria e potenzier\u00e0 la rete delle case della salute, come quella di Gaeta e Minturno sulle quali \u00e8 stato gi\u00e0 previsto uno stanziamento della Regione volto a sviluppare sempre pi\u00f9 la medicina d\u2019iniziativa, la continuit\u00e0 dell\u2019assistenza ospedale-territorio e la partecipazione della Comunit\u00e0&#8221;.<br \/>\n<strong>LA TELEMEDICINA &#8211;<\/strong> Previsto anche il potenziamento e la diffusione dei servizi di telemedicina nella pratica clinica anche grazie ai\u00a0finanziamenti del Recovery Fund.<\/p>\n<p style=\"text-align: justify;\">&#8220;Il superamento dell\u2019emergenza sanitaria rappresenta un punto di svolta per una rapida soluzione anche dell\u2019emergenza sociale ed economica provocata dal Covid- 19&#8221;, ha concluso il sindaco di Latina Coletta esprimendo la sua soddisfazione per il clima costruttivo dell&#8217;incontro.<\/p>\n","protected":false},"excerpt":{"rendered":"<p>LATINA &#8211; La situazione della pandemia da Covid-19, la gestione del territorio e la telemedicina sono stati gli argomenti al centro del primo incontro tra la nuova direttrice generale della ASL Silvia Cavalli e la conferenza dei sindaci della provincia di Latina presieduta dal sindaco del capoluogo Damiano Coletta che ha dato il benvenuto alla [&hellip;]<\/p>\n","protected":false},"author":62,"featured_media":285290,"comment_status":"open","ping_status":"open","sticky":false,"template":"","format":"standard","meta":{"footnotes":""},"categories":[7],"tags":[],"class_list":["post-287420","post","type-post","status-publish","format-standard","has-post-thumbnail","hentry","category-cronaca"],"_links":{"self":[{"href":"https:\/\/www.radioluna.it\/news\/wp-json\/wp\/v2\/posts\/287420","targetHints":{"allow":["GET"]}}],"collection":[{"href":"https:\/\/www.radioluna.it\/news\/wp-json\/wp\/v2\/posts"}],"about":[{"href":"https:\/\/www.radioluna.it\/news\/wp-json\/wp\/v2\/types\/post"}],"author":[{"embeddable":true,"href":"https:\/\/www.radioluna.it\/news\/wp-json\/wp\/v2\/users\/62"}],"replies":[{"embeddable":true,"href":"https:\/\/www.radioluna.it\/news\/wp-json\/wp\/v2\/comments?post=287420"}],"version-history":[{"count":0,"href":"https:\/\/www.radioluna.it\/news\/wp-json\/wp\/v2\/posts\/287420\/revisions"}],"wp:featuredmedia":[{"embeddable":true,"href":"https:\/\/www.radioluna.it\/news\/wp-json\/wp\/v2\/media\/285290"}],"wp:attachment":[{"href":"https:\/\/www.radioluna.it\/news\/wp-json\/wp\/v2\/media?parent=287420"}],"wp:term":[{"taxonomy":"category","embeddable":true,"href":"https:\/\/www.radioluna.it\/news\/wp-json\/wp\/v2\/categories?post=287420"},{"taxonomy":"post_tag","embeddable":true,"href":"https:\/\/www.radioluna.it\/news\/wp-json\/wp\/v2\/tags?post=287420"}],"curies":[{"name":"wp","href":"https:\/\/api.w.org\/{rel}","templated":true}]}}