{"id":288573,"date":"2021-04-17T11:27:33","date_gmt":"2021-04-17T09:27:33","guid":{"rendered":"https:\/\/www.radioluna.it\/news\/?p=288573"},"modified":"2021-04-17T11:27:33","modified_gmt":"2021-04-17T09:27:33","slug":"volley-la-top-cisterna-in-campo-a-verona-contro-nbv","status":"publish","type":"post","link":"https:\/\/www.radioluna.it\/news\/2021\/04\/volley-la-top-cisterna-in-campo-a-verona-contro-nbv\/","title":{"rendered":"Volley, la Top Cisterna in campo a Verona contro Nbv"},"content":{"rendered":"<div id=\"fb-root\"><\/div>\n<p style=\"text-align: justify;\"><strong>CISTERNA DI LATINA \u2013<\/strong> La Top Volley Cisterna torner\u00e0 in campo domani (domenica) alle 18:00 nel match valido per il settimo, e ultimo, turno del girone dei play-off per il quinto posto. La sfida vedr\u00e0 i pontini nella tana dell\u2019Nbv Verona in una partita che, considerata la classifica, diventa cruciale per provare a centrare l\u2019obiettivo della semifinale. La sconfitta con Modena di mercoled\u00ec scorso e il passo falso di Padova hanno complicato la vita della Top Volley Cisterna in questa appendice del campionato di Superlega Credem Banca che mette in palio il tagliando europeo della partecipazione alla prossima Challenge Cup.<\/p>\n<p style=\"text-align: justify;\">\u00abProveremo a passare il turno e scenderemo in campo per vincere in un torneo che, a detta di molti, sarebbe stato poco importante mentre invece se si guarda la classifica e le squadre in ballo \u00e8 evidente che \u00e8 proprio il contrario perch\u00e9 sono tutte l\u00ec a lottare per un posto in semifinale \u2013 chiarisce\u00a0Mimmo\u00a0Cavaccini, libero della Top Volley Cisterna \u2013 Comunque vada a finire poi credo proprio che sia stato un mini girone dove abbiamo alzato la testa in tutti i sensi, dopo una stagione difficilissima sotto tutti i punti di vista e siamo riusciti ad arrivare a giocarci all\u2019ultima giornata la qualificazione alle semifinali\u00bb.<\/p>\n<p>Al momento solo Piacenza e Milano sono sicure del pass<\/p>\n<p>La partita tra Verona e Top Volley Cisterna verr\u00e0 arbitrata da Rolla e Toni e verr\u00e0 trasmessa in diretta streaming sulla piattaforma Elevensports.<\/p>\n","protected":false},"excerpt":{"rendered":"<p>CISTERNA DI LATINA \u2013 La Top Volley Cisterna torner\u00e0 in campo domani (domenica) alle 18:00 nel match valido per il settimo, e ultimo, turno del girone dei play-off per il quinto posto. La sfida vedr\u00e0 i pontini nella tana dell\u2019Nbv Verona in una partita che, considerata la classifica, diventa cruciale per provare a centrare l\u2019obiettivo [&hellip;]<\/p>\n","protected":false},"author":5430,"featured_media":288574,"comment_status":"open","ping_status":"open","sticky":false,"template":"","format":"standard","meta":{"footnotes":""},"categories":[17],"tags":[23,4310,2154,4309,2922,2474,3216],"class_list":["post-288573","post","type-post","status-publish","format-standard","has-post-thumbnail","hentry","category-sport","tag-latina","tag-nbv-verona","tag-notizie-di-latina","tag-pallavolo-latina","tag-superlega","tag-top-volley","tag-top-volley-cisterna"],"_links":{"self":[{"href":"https:\/\/www.radioluna.it\/news\/wp-json\/wp\/v2\/posts\/288573","targetHints":{"allow":["GET"]}}],"collection":[{"href":"https:\/\/www.radioluna.it\/news\/wp-json\/wp\/v2\/posts"}],"about":[{"href":"https:\/\/www.radioluna.it\/news\/wp-json\/wp\/v2\/types\/post"}],"author":[{"embeddable":true,"href":"https:\/\/www.radioluna.it\/news\/wp-json\/wp\/v2\/users\/5430"}],"replies":[{"embeddable":true,"href":"https:\/\/www.radioluna.it\/news\/wp-json\/wp\/v2\/comments?post=288573"}],"version-history":[{"count":0,"href":"https:\/\/www.radioluna.it\/news\/wp-json\/wp\/v2\/posts\/288573\/revisions"}],"wp:featuredmedia":[{"embeddable":true,"href":"https:\/\/www.radioluna.it\/news\/wp-json\/wp\/v2\/media\/288574"}],"wp:attachment":[{"href":"https:\/\/www.radioluna.it\/news\/wp-json\/wp\/v2\/media?parent=288573"}],"wp:term":[{"taxonomy":"category","embeddable":true,"href":"https:\/\/www.radioluna.it\/news\/wp-json\/wp\/v2\/categories?post=288573"},{"taxonomy":"post_tag","embeddable":true,"href":"https:\/\/www.radioluna.it\/news\/wp-json\/wp\/v2\/tags?post=288573"}],"curies":[{"name":"wp","href":"https:\/\/api.w.org\/{rel}","templated":true}]}}