{"id":289161,"date":"2021-04-26T12:28:17","date_gmt":"2021-04-26T10:28:17","guid":{"rendered":"https:\/\/www.radioluna.it\/news\/?p=289161"},"modified":"2021-04-26T14:08:36","modified_gmt":"2021-04-26T12:08:36","slug":"no-tampon-tax-a-latina-dividono-anche-le-mestruazioni","status":"publish","type":"post","link":"https:\/\/www.radioluna.it\/news\/2021\/04\/no-tampon-tax-a-latina-dividono-anche-le-mestruazioni\/","title":{"rendered":"No Tampon Tax, a Latina dividono anche le mestruazioni"},"content":{"rendered":"<div id=\"fb-root\"><\/div>\n<p style=\"text-align: justify;\"><strong>LATINA<\/strong> &#8211; Ho seguito con vivo interesse le proposte arrivate dalla politica a Latina su un argomento che fino a poco tempo fa avrebbe fatto imbarazzare molti: la no tampon tax. Azzerare l&#8217;Iva sugli assorbenti igienici e gli altri prodotti per il ciclo delle donne o riconoscere loro dei voucher a seconda della fascia di reddito. <a href=\"https:\/\/www.radioluna.it\/news\/2021\/04\/no-tassa-sugli-assorbenti-dopo-firenze-anche-latina-presenta-al-consiglio-la-sua-mozione\/\">Da una parte Lbc<\/a>, dall<a href=\"https:\/\/www.radioluna.it\/news\/2021\/04\/tassa-sugli-assorbenti-la-proposta-di-matilde-celentano-fdi\/\">&#8216;altra Fratelli D&#8217;Italia<\/a>. Proposte diverse, non divisive, anche se a qualcuno sfugge la differenza.<\/p>\n<p style=\"text-align: justify;\">Quello che molte di noi hanno trovato inutile, e anche ridicolo, \u00e8 soffermarsi su chi sia arrivato prima a dare ai giornali il comunicato stampa con la propria proposta che, evidentemente, \u00e8 maturata in entrambe le formazioni politiche, non dalla sera alla mattina sulla spinta di genialit\u00e0 locali, ma sulle ali (\u00e8 il caso di dirlo) di una sensibilit\u00e0 diffusa che sta attraversando l&#8217;intera societ\u00e0 europea e che \u00e8 stata preceduta da altri esempi con Paesi in cui ha gi\u00e0 trovato serena applicazione.<\/p>\n<p style=\"text-align: justify;\">Sul fatto di non considerare l&#8217;argomento marginale &#8211;\u00a0 visto che le lamette da uomo hanno gi\u00e0 Iva al 4% perch\u00e9 considerate bene primario &#8211; penso che siamo tutti perfettamente d&#8217;accordo. Prendo anzi in prestito un&#8217;efficace espressione dell&#8217;immunologa Antonella Viola &#8211; professoressa ordinaria di Patologia Generale presso il Dipartimento di Scienze Biomediche dell\u2019Universit\u00e0 di Padova e Direttrice Scientifica dell\u2019Istituto di Ricerca Pediatrica (IRP-Citt\u00e0 della Speranza) &#8211; oltre che bravissima divulgatrice.\u00a0 Riferendosi al Covid, la Viola ha detto che parlare di un virus come di un nemico e della ricerca scientifica come di una guerra per abbatterlo, non \u00e8 corretto e anzi ci fa &#8220;capire quanto sia sbagliata la nostra postura nel mondo&#8221;, ovvero quanto sia insensato considerare straordinaria una cosa che \u00e8 presente in natura e fa parte delle sue dinamiche.<\/p>\n<p style=\"text-align: justify;\">Il ridicolo\u00a0 &#8211; trovo &#8211; sia passare da argomenti tab\u00f9, come il ciclo delle donne, a fare di una bandiera sbandierata, le mestruazioni. Sarebbe segno di grande maturit\u00e0 e reale interesse, di fronte a due proposte diverse sullo stesso argomento, che ognuno provi a spiegare bene le differenze, per illustrarle meglio alla collettivit\u00e0 e non solo alla sua parte politica. I toni alti non servono, serve piuttosto una pacata concretezza e un fronte comune su questioni ampiamente trasversali.<\/p>\n<p style=\"text-align: justify;\">Allora, se la nostra postura nel mondo \u00e8 corretta, occupiamoci senza imbarazzi di argomenti naturali che riguardano tutte le donne in et\u00e0 fertile. Non importa se Fratelli D&#8217;Italia vuole azzerare la spesa a 7000 donne pontine con reddito basso e istituire il sistema dei voucher, o se Lbc propone di eliminare l&#8217;Iva per tutte, sulla considerazione che le lamette da uomo non sono riconosciute per fasce di reddito. Questo infatti \u00e8 solo un punto di vista e ognuno pu\u00f2 e deve difendere e valorizzare il suo, perch\u00e9 abbiamo la fortuna di possedere (sia pure teoricamente), la libert\u00e0 di vedute, di pensiero di opinioni politiche.<\/p>\n<p style=\"text-align: justify;\">Anzi sarebbe opportuno trovare una sintesi e apparire coese come donne, visto che il ciclo non distingue tra destra, centro, sinistra e civici. E sarebbe ancora meglio che queste scelte fossero nazionali, perch\u00e9 le donne di Firenze (dove la misura \u00e8 stata approvata) non sono diverse da quelle di Latina, Milano o Palermo.<\/p>\n<div class=\"radio-posizionamento-telefono-in-articoli-dopo-il-contenuto-articolo radio-entity-placement\" id=\"radio-1248561739\"><div id=\"radio-2809505694\"><a href=\"https:\/\/grupporedi.it\/\" aria-label=\"Redi-Qr\"><img loading=\"lazy\" decoding=\"async\" src=\"https:\/\/www.radioluna.it\/news\/wp-content\/uploads\/2026\/03\/Redi-Qr.jpg\" alt=\"\"  srcset=\"https:\/\/www.radioluna.it\/news\/wp-content\/uploads\/2026\/03\/Redi-Qr.jpg 800w, https:\/\/www.radioluna.it\/news\/wp-content\/uploads\/2026\/03\/Redi-Qr-768x639.jpg 768w\" sizes=\"(max-width: 800px) 100vw, 800px\" width=\"300\" height=\"250\"   \/><\/a><\/div><\/div>","protected":false},"excerpt":{"rendered":"<p>LATINA &#8211; Ho seguito con vivo interesse le proposte arrivate dalla politica a Latina su un argomento che fino a poco tempo fa avrebbe fatto imbarazzare molti: la no tampon tax. Azzerare l&#8217;Iva sugli assorbenti igienici e gli altri prodotti per il ciclo delle donne o riconoscere loro dei voucher a seconda della fascia di [&hellip;]<\/p>\n","protected":false},"author":62,"featured_media":289164,"comment_status":"open","ping_status":"open","sticky":false,"template":"","format":"standard","meta":{"footnotes":""},"categories":[2775],"tags":[4368,23,4367],"class_list":["post-289161","post","type-post","status-publish","format-standard","has-post-thumbnail","hentry","category-societa","tag-assorbenti","tag-latina","tag-tampon-tax"],"_links":{"self":[{"href":"https:\/\/www.radioluna.it\/news\/wp-json\/wp\/v2\/posts\/289161","targetHints":{"allow":["GET"]}}],"collection":[{"href":"https:\/\/www.radioluna.it\/news\/wp-json\/wp\/v2\/posts"}],"about":[{"href":"https:\/\/www.radioluna.it\/news\/wp-json\/wp\/v2\/types\/post"}],"author":[{"embeddable":true,"href":"https:\/\/www.radioluna.it\/news\/wp-json\/wp\/v2\/users\/62"}],"replies":[{"embeddable":true,"href":"https:\/\/www.radioluna.it\/news\/wp-json\/wp\/v2\/comments?post=289161"}],"version-history":[{"count":0,"href":"https:\/\/www.radioluna.it\/news\/wp-json\/wp\/v2\/posts\/289161\/revisions"}],"wp:featuredmedia":[{"embeddable":true,"href":"https:\/\/www.radioluna.it\/news\/wp-json\/wp\/v2\/media\/289164"}],"wp:attachment":[{"href":"https:\/\/www.radioluna.it\/news\/wp-json\/wp\/v2\/media?parent=289161"}],"wp:term":[{"taxonomy":"category","embeddable":true,"href":"https:\/\/www.radioluna.it\/news\/wp-json\/wp\/v2\/categories?post=289161"},{"taxonomy":"post_tag","embeddable":true,"href":"https:\/\/www.radioluna.it\/news\/wp-json\/wp\/v2\/tags?post=289161"}],"curies":[{"name":"wp","href":"https:\/\/api.w.org\/{rel}","templated":true}]}}