{"id":289394,"date":"2021-04-29T13:59:11","date_gmt":"2021-04-29T11:59:11","guid":{"rendered":"https:\/\/www.radioluna.it\/news\/?p=289394"},"modified":"2021-04-29T13:59:11","modified_gmt":"2021-04-29T11:59:11","slug":"giornate-ecologiche-fondi-grandi-pulizie-a-quarto-iannotta","status":"publish","type":"post","link":"https:\/\/www.radioluna.it\/news\/2021\/04\/giornate-ecologiche-fondi-grandi-pulizie-a-quarto-iannotta\/","title":{"rendered":"Giornate ecologiche Fondi: grandi pulizie a Quarto Iannotta"},"content":{"rendered":"<div id=\"fb-root\"><\/div>\n<p style=\"font-weight: 400; text-align: justify;\"><strong>FONDI<\/strong> &#8211;\u00a0Proseguono le giornate ecologiche a Fondi. Domenica 2 maggio nuova azione di clean-up in localit\u00e0 Quarto Iannotta. Il punto di ritrovo \u00e8 alle ore 9:00 nel piazzale antistante la ex discarica.<\/p>\n<p style=\"font-weight: 400; text-align: justify;\">\u00abInvitiamo residenti e associazioni a partecipare numerosi \u2013 commentano il sindaco di Fondi Beniamino Maschietto e l\u2019assessore all\u2019Ambiente Fabrizio Macaro \u2013 naturalmente l\u2019iniziativa si svolger\u00e0 all&#8217;insegna del distanziamento sociale e con i dispositivi di protezione personale. Dare un piccolo contributo alla pulizia del territorio, sensibilizzare e conoscere in maniera pi\u00f9 approfondita le problematiche ambientali delle periferie sono soltanto alcuni degli obiettivi che perseguiamo. L&#8217;appuntamento di domenica ci sta particolarmente a cuore in quanto si tratta di una delle zone della citt\u00e0 pi\u00f9 colpite dall\u2019abbandono indiscriminato di rifiuti. L\u2019auspicio \u00e8 che questi eventi, oltre a rimuovere materialmente dalle campagne ingenti quantit\u00e0 di scarti, seminino nelle coscienze abitudini virtuose e propositi green per offrire alla nostra citt\u00e0 un futuro migliore\u00bb.<\/p>\n<p style=\"font-weight: 400; text-align: justify;\">Dopo la raccolta di ingombranti in centro e le azioni di clean up a Curtignano, Torre Canneto, Capratica, Selvavetere, e zona Salto, quella di domenica sar\u00e0 la settima giornata ecologica a Fondi.<\/p>\n<p style=\"font-weight: 400; text-align: justify;\"><strong>IL CALENDARIO\u00a0<\/strong><\/p>\n<p style=\"font-weight: 400; text-align: justify;\"><strong>Domenica 2 Maggio 2021<\/strong><\/p>\n<p style=\"font-weight: 400;\">Clean-Up pulizia Via Acquachiara (Quarto Iannotta)<\/p>\n<p style=\"font-weight: 400;\"><strong>Sabato 5 Giugno 2021<\/strong><\/p>\n<p style=\"font-weight: 400;\">Giornata Mondiale dell&#8217;Ambiente<\/p>\n<p style=\"font-weight: 400;\"><strong>Domenica 4 Luglio 2021<\/strong><\/p>\n<p style=\"font-weight: 400;\">Clean-Up pulizia contrada Querce<\/p>\n<p style=\"font-weight: 400;\"><strong>Domenica 1 Agosto 2021<\/strong><\/p>\n<p style=\"font-weight: 400;\">Clean-Up pulizia contrada Gegni<\/p>\n<p style=\"font-weight: 400;\"><strong>Domenica 5 Settembre 2021<\/strong><\/p>\n<p style=\"font-weight: 400;\">Clean-Up pulizia contrada San Raffaele<\/p>\n<p style=\"font-weight: 400;\"><strong>Domenica 26 Settembre 2021<\/strong><\/p>\n<p style=\"font-weight: 400;\">Clean-Up \u201cPuliamo il Mondo\u201d pulizia del Lago di Fondi<\/p>\n<p style=\"font-weight: 400;\"><strong>Domenica 3 Ottobre 2021<\/strong><\/p>\n<p style=\"font-weight: 400;\">Clean-Up contrada San Magno<\/p>\n<p style=\"font-weight: 400;\"><strong>Domenica 7 Novembre 2021<\/strong><\/p>\n<p style=\"font-weight: 400;\">Clean-Up pulizia contrada Cocuruzzo<\/p>\n<p style=\"font-weight: 400;\"><strong>Domenica 5 Dicembre 2021<\/strong><\/p>\n<p style=\"font-weight: 400;\">Clean-Up pulizia Fondi centro<\/p>\n<p style=\"font-weight: 400;\"><strong>Giornata del 21 marzo rinviata e da recuperare in data da definirsi<\/strong><\/p>\n<p style=\"font-weight: 400;\">Clean-Up pulizia del tratto di Spiaggia Fondi Sud (dalla Piazza di Sant&#8217;Anastasia alle dune di Capratica)<\/p>\n<p>&nbsp;<\/p>\n<div class=\"radio-posizionamento-telefono-in-articoli-dopo-il-contenuto-articolo radio-entity-placement\" id=\"radio-654635384\"><div id=\"radio-1790724804\"><a href=\"https:\/\/www.simeoneceramiche.com\/\" aria-label=\"SIMEONE CERAMICHE GIF animata per radioluna_Tavola disegno 1 copia 2 (online-video-cutter.com)\"><img loading=\"lazy\" decoding=\"async\" src=\"https:\/\/www.radioluna.it\/news\/wp-content\/uploads\/2025\/05\/SIMEONE-CERAMICHE-GIF-animata-per-radioluna_Tavola-disegno-1-copia-2-online-video-cutter.com_.gif\" alt=\"\"  width=\"300\" height=\"250\"   \/><\/a><\/div><\/div>","protected":false},"excerpt":{"rendered":"<p>FONDI &#8211;\u00a0Proseguono le giornate ecologiche a Fondi. Domenica 2 maggio nuova azione di clean-up in localit\u00e0 Quarto Iannotta. Il punto di ritrovo \u00e8 alle ore 9:00 nel piazzale antistante la ex discarica. \u00abInvitiamo residenti e associazioni a partecipare numerosi \u2013 commentano il sindaco di Fondi Beniamino Maschietto e l\u2019assessore all\u2019Ambiente Fabrizio Macaro \u2013 naturalmente l\u2019iniziativa [&hellip;]<\/p>\n","protected":false},"author":62,"featured_media":289395,"comment_status":"open","ping_status":"open","sticky":false,"template":"","format":"standard","meta":{"footnotes":""},"categories":[16],"tags":[],"class_list":["post-289394","post","type-post","status-publish","format-standard","has-post-thumbnail","hentry","category-appuntamenti"],"_links":{"self":[{"href":"https:\/\/www.radioluna.it\/news\/wp-json\/wp\/v2\/posts\/289394","targetHints":{"allow":["GET"]}}],"collection":[{"href":"https:\/\/www.radioluna.it\/news\/wp-json\/wp\/v2\/posts"}],"about":[{"href":"https:\/\/www.radioluna.it\/news\/wp-json\/wp\/v2\/types\/post"}],"author":[{"embeddable":true,"href":"https:\/\/www.radioluna.it\/news\/wp-json\/wp\/v2\/users\/62"}],"replies":[{"embeddable":true,"href":"https:\/\/www.radioluna.it\/news\/wp-json\/wp\/v2\/comments?post=289394"}],"version-history":[{"count":0,"href":"https:\/\/www.radioluna.it\/news\/wp-json\/wp\/v2\/posts\/289394\/revisions"}],"wp:featuredmedia":[{"embeddable":true,"href":"https:\/\/www.radioluna.it\/news\/wp-json\/wp\/v2\/media\/289395"}],"wp:attachment":[{"href":"https:\/\/www.radioluna.it\/news\/wp-json\/wp\/v2\/media?parent=289394"}],"wp:term":[{"taxonomy":"category","embeddable":true,"href":"https:\/\/www.radioluna.it\/news\/wp-json\/wp\/v2\/categories?post=289394"},{"taxonomy":"post_tag","embeddable":true,"href":"https:\/\/www.radioluna.it\/news\/wp-json\/wp\/v2\/tags?post=289394"}],"curies":[{"name":"wp","href":"https:\/\/api.w.org\/{rel}","templated":true}]}}