{"id":289440,"date":"2021-04-29T17:01:55","date_gmt":"2021-04-29T15:01:55","guid":{"rendered":"https:\/\/www.radioluna.it\/news\/?p=289440"},"modified":"2021-05-02T05:55:01","modified_gmt":"2021-05-02T03:55:01","slug":"due-ingegneri-di-cori-nel-team-che-ha-lanciato-in-orbita-il-satellite-pleiades-neo-3","status":"publish","type":"post","link":"https:\/\/www.radioluna.it\/news\/2021\/04\/due-ingegneri-di-cori-nel-team-che-ha-lanciato-in-orbita-il-satellite-pleiades-neo-3\/","title":{"rendered":"Due ingegneri di Cori nel team che ha lanciato in orbita il satellite Pleiades Neo 3"},"content":{"rendered":"<div id=\"fb-root\"><\/div>\n<p style=\"text-align: justify;\"><strong>CORI &#8211; <\/strong>Ci sono anche due ingegneri aerospaziali coresi, <strong>Fausto Agostinelli e Plinio Coluzzi<\/strong>, nel team che, la notte scorsa, ha reso possibile e portato a termine con successo il volo VV18. La missione, partita dalla base spaziale di Kourou nella Guyana francese, ha condotto in orbita <strong>Pl\u00e9iades Neo 3<\/strong>, satellite per l&#8217;osservazione terrestre ad altissima risoluzione di Airbus Space, e cinque carichi ausiliari.<\/p>\n<p style=\"text-align: justify;\"><strong>Fausto Agostinelli e Plinio Coluzzi, 40 e 41 anni<\/strong> &#8211; raccontano dal <strong>Comune di Cori<\/strong> in una nota &#8211; lavorano da circa cinque anni in Avio, azienda leader nel campo della propulsione spaziale con sede a Colleferro, dove \u00e8 stato progettato, sviluppato e costruito Vega (Vettore Europeo Generazione Avanzata), il lanciatore che rappresenta l\u2019eccellenza italiana nel settore aerospaziale e che ha perfettamente messo in orbita il satellite francese di nuova generazione Pl\u00e9iades Neo 3, costruito da Airbus Defence and Space, insieme ad altri cinque microsatelliti.<\/p>\n<p style=\"text-align: justify;\">Agostinelli \u00e8 responsabile della produzione dei \u201ccase\u201d, ovvero la parte esterna dei primi tre motori (P80, Zefiro 23 e Zefiro9), interamente in fibra di carbonio, del lanciatore, che in tutto ne comprende quattro. Coluzzi si occupa dell\u2019assemblaggio di diverse componenti del motore e della movimentazione del \u201cgantry\u201d (la torretta che sostiene l\u2019intera struttura e che viene spostata immediatamente prima del lancio), motivo per cui la scorsa notte, insieme ai colleghi, era Guyana francese per assistere alle operazioni.<\/p>\n<p style=\"text-align: justify;\">Si tratta del decimo volo \u2013 ne seguiranno probabilmente altri due nel corso del 2021 &#8211; per i due ingegneri, a cui <strong>il sindaco di Cori, Mauro De Lillis,<\/strong> ha voluto pubblicamente rendere merito: \u00abPer noi \u00e8 un orgoglio particolare. A Fausto e Plinio, per la loro professionalit\u00e0 e per il loro eccellente lavoro, vanno i complimenti di tutta la nostra comunit\u00e0\u00bb.<\/p>\n","protected":false},"excerpt":{"rendered":"<p>CORI &#8211; Ci sono anche due ingegneri aerospaziali coresi, Fausto Agostinelli e Plinio Coluzzi, nel team che, la notte scorsa, ha reso possibile e portato a termine con successo il volo VV18. La missione, partita dalla base spaziale di Kourou nella Guyana francese, ha condotto in orbita Pl\u00e9iades Neo 3, satellite per l&#8217;osservazione terrestre ad [&hellip;]<\/p>\n","protected":false},"author":62,"featured_media":289443,"comment_status":"open","ping_status":"open","sticky":false,"template":"","format":"gallery","meta":{"footnotes":""},"categories":[735],"tags":[4420,167,4422,23,2154,4419,4421],"class_list":["post-289440","post","type-post","status-publish","format-gallery","has-post-thumbnail","hentry","category-attualita","tag-agostinelli-ingegnere-aerospaziale","tag-cori","tag-lancio-in-orbita-cori","tag-latina","tag-notizie-di-latina","tag-pleaiades","tag-plinio-coluzzi","post_format-post-format-gallery"],"_links":{"self":[{"href":"https:\/\/www.radioluna.it\/news\/wp-json\/wp\/v2\/posts\/289440","targetHints":{"allow":["GET"]}}],"collection":[{"href":"https:\/\/www.radioluna.it\/news\/wp-json\/wp\/v2\/posts"}],"about":[{"href":"https:\/\/www.radioluna.it\/news\/wp-json\/wp\/v2\/types\/post"}],"author":[{"embeddable":true,"href":"https:\/\/www.radioluna.it\/news\/wp-json\/wp\/v2\/users\/62"}],"replies":[{"embeddable":true,"href":"https:\/\/www.radioluna.it\/news\/wp-json\/wp\/v2\/comments?post=289440"}],"version-history":[{"count":0,"href":"https:\/\/www.radioluna.it\/news\/wp-json\/wp\/v2\/posts\/289440\/revisions"}],"wp:featuredmedia":[{"embeddable":true,"href":"https:\/\/www.radioluna.it\/news\/wp-json\/wp\/v2\/media\/289443"}],"wp:attachment":[{"href":"https:\/\/www.radioluna.it\/news\/wp-json\/wp\/v2\/media?parent=289440"}],"wp:term":[{"taxonomy":"category","embeddable":true,"href":"https:\/\/www.radioluna.it\/news\/wp-json\/wp\/v2\/categories?post=289440"},{"taxonomy":"post_tag","embeddable":true,"href":"https:\/\/www.radioluna.it\/news\/wp-json\/wp\/v2\/tags?post=289440"}],"curies":[{"name":"wp","href":"https:\/\/api.w.org\/{rel}","templated":true}]}}