{"id":289451,"date":"2021-04-29T17:31:36","date_gmt":"2021-04-29T15:31:36","guid":{"rendered":"https:\/\/www.radioluna.it\/news\/?p=289451"},"modified":"2021-04-29T17:31:36","modified_gmt":"2021-04-29T15:31:36","slug":"la-casa-del-combattente-resta-lagenzia-del-demanio-ha-rinviato-la-data-di-rilascio","status":"publish","type":"post","link":"https:\/\/www.radioluna.it\/news\/2021\/04\/la-casa-del-combattente-resta-lagenzia-del-demanio-ha-rinviato-la-data-di-rilascio\/","title":{"rendered":"La Casa del Combattente resta, l&#8217;Agenzia del Demanio ha rinviato la data di rilascio"},"content":{"rendered":"<div id=\"fb-root\"><\/div>\n<p style=\"text-align: justify;\"><strong>LATINA<\/strong> &#8211; L\u2019Agenzia del Demanio, Direzione Regionale Lazio, ha scritto alle Associazioni combattentistiche e d\u2019Arma che hanno sede all\u2019interno della Casa del Combattente di piazza San Marco comunicando loro di poter differire il rilascio dell\u2019immobile da parte delle stesse Associazioni fino a nuova comunicazione. Salta dunque la scadenza che era stata inizialmente fissata per il prossimo 3 maggio, e fortemente contestata dai suoi abituali utilizzatori che si erano rivoti all&#8217;Amministrazione per ottenere sostegno.<\/p>\n<p style=\"text-align: justify;\">\u00abHo appreso con soddisfazione di questo differimento \u2018sine die\u2019 \u2013 ha commentato il Sindaco Damiano Coletta \u2013 e penso che sia gi\u00e0 un primo passo in avanti verso una soluzione condivisa per la quale l\u2019Amministrazione, tra l\u2019altro, si \u00e8 da tempo attivata. Come ho detto pi\u00f9 volte, l\u2019interesse di tutti \u00e8 quello di individuare un percorso che rispetti i valori e le tradizioni espressi dalle Associazioni Combattentistiche e d\u2019Arma e che soddisfi le esigenze dell\u2019intera comunit\u00e0 considerando la storia della Casa del Combattente e ci\u00f2 che ha sempre rappresentato per la citt\u00e0 di Latina\u00bb.<\/p>\n","protected":false},"excerpt":{"rendered":"<p>LATINA &#8211; L\u2019Agenzia del Demanio, Direzione Regionale Lazio, ha scritto alle Associazioni combattentistiche e d\u2019Arma che hanno sede all\u2019interno della Casa del Combattente di piazza San Marco comunicando loro di poter differire il rilascio dell\u2019immobile da parte delle stesse Associazioni fino a nuova comunicazione. Salta dunque la scadenza che era stata inizialmente fissata per il [&hellip;]<\/p>\n","protected":false},"author":60,"featured_media":255076,"comment_status":"open","ping_status":"open","sticky":false,"template":"","format":"standard","meta":{"footnotes":""},"categories":[735],"tags":[4423,2676,23,2154],"class_list":["post-289451","post","type-post","status-publish","format-standard","has-post-thumbnail","hentry","category-attualita","tag-casa-combattente-latina","tag-coletta","tag-latina","tag-notizie-di-latina"],"_links":{"self":[{"href":"https:\/\/www.radioluna.it\/news\/wp-json\/wp\/v2\/posts\/289451","targetHints":{"allow":["GET"]}}],"collection":[{"href":"https:\/\/www.radioluna.it\/news\/wp-json\/wp\/v2\/posts"}],"about":[{"href":"https:\/\/www.radioluna.it\/news\/wp-json\/wp\/v2\/types\/post"}],"author":[{"embeddable":true,"href":"https:\/\/www.radioluna.it\/news\/wp-json\/wp\/v2\/users\/60"}],"replies":[{"embeddable":true,"href":"https:\/\/www.radioluna.it\/news\/wp-json\/wp\/v2\/comments?post=289451"}],"version-history":[{"count":0,"href":"https:\/\/www.radioluna.it\/news\/wp-json\/wp\/v2\/posts\/289451\/revisions"}],"wp:featuredmedia":[{"embeddable":true,"href":"https:\/\/www.radioluna.it\/news\/wp-json\/wp\/v2\/media\/255076"}],"wp:attachment":[{"href":"https:\/\/www.radioluna.it\/news\/wp-json\/wp\/v2\/media?parent=289451"}],"wp:term":[{"taxonomy":"category","embeddable":true,"href":"https:\/\/www.radioluna.it\/news\/wp-json\/wp\/v2\/categories?post=289451"},{"taxonomy":"post_tag","embeddable":true,"href":"https:\/\/www.radioluna.it\/news\/wp-json\/wp\/v2\/tags?post=289451"}],"curies":[{"name":"wp","href":"https:\/\/api.w.org\/{rel}","templated":true}]}}