{"id":289518,"date":"2021-04-30T10:20:54","date_gmt":"2021-04-30T08:20:54","guid":{"rendered":"https:\/\/www.radioluna.it\/news\/?p=289518"},"modified":"2021-05-02T05:50:23","modified_gmt":"2021-05-02T03:50:23","slug":"festa-dei-lavoratori-cgil-cisl-e-uil-litalia-si-cura-con-il-lavoro","status":"publish","type":"post","link":"https:\/\/www.radioluna.it\/news\/2021\/04\/festa-dei-lavoratori-cgil-cisl-e-uil-litalia-si-cura-con-il-lavoro\/","title":{"rendered":"Festa dei Lavoratori, Cgil, Cisl e Uil: &#8220;L&#8217;Italia si cura con il lavoro&#8221;"},"content":{"rendered":"<div id=\"fb-root\"><\/div>\n<p style=\"text-align: justify;\"><strong>LATINA &#8211;<\/strong> <strong>\u201cL\u2019Italia Si Cura con il lavoro\u201d \u00e8 lo slogan scelto da Cgil Cisl Uil per la Festa dei lavoratori<\/strong> 2021. &#8220;In una fase difficile della vita del Paese, in cui c&#8217;\u00e8 bisogno di ripartire nel segno dell&#8217;unit\u00e0, della responsabilit\u00e0 e della coesione sociale &#8211; scrivono in una nota unitaria Cgil, Cisl, Uil nazionali &#8211; vogliono ribadire unitariamente il valore della centralit\u00e0 del lavoro, per ricostruire su basi nuove il nostro Paese ed affrontare con equit\u00e0 e solidariet\u00e0 le gravi conseguenze economiche e sociali della pandemia. Il 2021 continua ad essere colpito dalla emergenza sanitaria che gi\u00e0 lo scorso anno ha messo tutti a dura prova. Qualcosa per\u00f2 sta cambiando con la campagna vaccinale che rappresenta anche il simbolo della speranza che ci permetter\u00e0 di poter uscire da\u00a0 questa calamit\u00e0. Ripartire in totale sicurezza, consapevoli che il lavoro e il vaccino sono l\u2019unica medicina possibile per poter garantire un futuro migliore&#8221;.<\/p>\n<p style=\"text-align: justify;\">Sabato 1 maggio non ci saranno manifestazioni , vietate dalle norme di contenimento del Covid, ma tre distinti eventi sindacali che si\u00a0 svolgeranno in\u00a0 luoghi simbolici del mondo del lavoro: Il segretario generale della Cgil, Maurizio Landini, visiter\u00e0\u00a0 l&#8217;acciaieria AST di Terni; il segretario generale della CISL, Luigi Sbarra, l&#8217;Ospedale dei Castelli\u00a0 in provincia di Roma; il segretario generale della Uil, Pierpaolo Bombardieri, sar\u00e0 davanti alla sede Amazon di Passo Corese, in provincia di Rieti.<br \/>\n&#8220;Il tutto- spiegano in una nota unitaria -si svolger\u00e0&#8217; nel pieno rispetto delle regole anti Covid e con una presenza limitata di delegate e delegati&#8221;.<\/p>\n<p style=\"text-align: justify;\"><strong>CONCERTONE IN TV<\/strong> &#8211; Inoltre, per la stessa giornata come \u00e8 nella tradizione, in accordo con la RAI le tre confederazioni hanno definito all\u2019interno del palinsesto di RAI 3 due appuntamenti: a partire dalle 12,15 alle 13,00 una edizione straordinaria del TG3 dedicata alla Festa dei<br \/>\nLavoratori, con l\u2019intervento dei nostri Segretari Generali: Maurizio Landini, Luigi Sbarra, Pierpaolo Bombardieri;\u00a0dalle 16,35 alle 19 e dalle 20,00 alle 24,00, in diretta l\u2019edizione straordinaria del Concertone del Primo Maggio condotto da Ambra Angiolini e Stefano Fresi. L\u2019evento ospiter\u00e0 le riflessioni dei Segretari Generali di CGIL, CISL e UIL, le testimonianze di nove tra lavoratrici, lavoratori, pensionati e il contributo musicale e performativo di un cast di artisti di altissimo livello.<\/p>\n<p>Anche il sindaco di Latina Damiano Coletta lancia un messaggio in questa giornata in cui si celebra il lavoro<\/p>\n<p><iframe loading=\"lazy\" style=\"border: none; overflow: hidden;\" src=\"https:\/\/www.facebook.com\/plugins\/video.php?height=314&amp;href=https%3A%2F%2Fwww.facebook.com%2Fdamianocoletta8%2Fvideos%2F186829173286886%2F&amp;show_text=false&amp;width=560\" width=\"560\" height=\"314\" frameborder=\"0\" scrolling=\"no\" allowfullscreen=\"allowfullscreen\"><\/iframe><\/p>\n<div class=\"radio-posizionamento-telefono-in-articoli-dopo-il-contenuto-articolo radio-entity-placement\" id=\"radio-1974038302\"><div id=\"radio-1658074519\"><a href=\"https:\/\/www.simeoneceramiche.com\/\" aria-label=\"SIMEONE CERAMICHE GIF animata per radioluna_Tavola disegno 1 copia 2 (online-video-cutter.com)\"><img loading=\"lazy\" decoding=\"async\" src=\"https:\/\/www.radioluna.it\/news\/wp-content\/uploads\/2025\/05\/SIMEONE-CERAMICHE-GIF-animata-per-radioluna_Tavola-disegno-1-copia-2-online-video-cutter.com_.gif\" alt=\"\"  width=\"300\" height=\"250\"   \/><\/a><\/div><\/div>","protected":false},"excerpt":{"rendered":"<p>LATINA &#8211; \u201cL\u2019Italia Si Cura con il lavoro\u201d \u00e8 lo slogan scelto da Cgil Cisl Uil per la Festa dei lavoratori 2021. &#8220;In una fase difficile della vita del Paese, in cui c&#8217;\u00e8 bisogno di ripartire nel segno dell&#8217;unit\u00e0, della responsabilit\u00e0 e della coesione sociale &#8211; scrivono in una nota unitaria Cgil, Cisl, Uil nazionali [&hellip;]<\/p>\n","protected":false},"author":60,"featured_media":289520,"comment_status":"open","ping_status":"open","sticky":false,"template":"","format":"standard","meta":{"footnotes":""},"categories":[16,2312],"tags":[4436,4438,23,4437],"class_list":["post-289518","post","type-post","status-publish","format-standard","has-post-thumbnail","hentry","category-appuntamenti","category-video","tag-1-maggio","tag-festa-lavoro-cgil-cil-uilo","tag-latina","tag-sindacati-confederali"],"_links":{"self":[{"href":"https:\/\/www.radioluna.it\/news\/wp-json\/wp\/v2\/posts\/289518","targetHints":{"allow":["GET"]}}],"collection":[{"href":"https:\/\/www.radioluna.it\/news\/wp-json\/wp\/v2\/posts"}],"about":[{"href":"https:\/\/www.radioluna.it\/news\/wp-json\/wp\/v2\/types\/post"}],"author":[{"embeddable":true,"href":"https:\/\/www.radioluna.it\/news\/wp-json\/wp\/v2\/users\/60"}],"replies":[{"embeddable":true,"href":"https:\/\/www.radioluna.it\/news\/wp-json\/wp\/v2\/comments?post=289518"}],"version-history":[{"count":0,"href":"https:\/\/www.radioluna.it\/news\/wp-json\/wp\/v2\/posts\/289518\/revisions"}],"wp:featuredmedia":[{"embeddable":true,"href":"https:\/\/www.radioluna.it\/news\/wp-json\/wp\/v2\/media\/289520"}],"wp:attachment":[{"href":"https:\/\/www.radioluna.it\/news\/wp-json\/wp\/v2\/media?parent=289518"}],"wp:term":[{"taxonomy":"category","embeddable":true,"href":"https:\/\/www.radioluna.it\/news\/wp-json\/wp\/v2\/categories?post=289518"},{"taxonomy":"post_tag","embeddable":true,"href":"https:\/\/www.radioluna.it\/news\/wp-json\/wp\/v2\/tags?post=289518"}],"curies":[{"name":"wp","href":"https:\/\/api.w.org\/{rel}","templated":true}]}}