{"id":289535,"date":"2021-04-30T13:02:48","date_gmt":"2021-04-30T11:02:48","guid":{"rendered":"https:\/\/www.radioluna.it\/news\/?p=289535"},"modified":"2021-05-02T08:33:05","modified_gmt":"2021-05-02T06:33:05","slug":"bella-farnia-zona-rossa-vertice-in-prefettura-sul-cluster-covid-dei-braccianti-indiani","status":"publish","type":"post","link":"https:\/\/www.radioluna.it\/news\/2021\/04\/bella-farnia-zona-rossa-vertice-in-prefettura-sul-cluster-covid-dei-braccianti-indiani\/","title":{"rendered":"Bella Farnia zona rossa: vertice in Prefettura sul cluster covid dei braccianti indiani"},"content":{"rendered":"<div id=\"fb-root\"><\/div>\n<p style=\"text-align: justify;\"><strong>LATINA<\/strong> &#8211; Bella Farnia \u00e8 zona rossa. Nella frazione tra Latina e Sabaudia dove vivono centinaia di braccianti agricoli di origine indiana, che proprio con l&#8217;avvio della stagione della raccolta, aumentano, non si potr\u00e0 entrare n\u00e8 uscire, se non per giustificati motivi di salute, lavoro o urgenza. Le scuole del Comune di Sabaudia inoltre, lavoreranno solo in Dad secondo quanto anticipato dalla sindaca Giada Gervasi.<\/p>\n<p style=\"text-align: justify;\">E&#8217; la decisione condivisa dal tavolo attivato dalla Prefettura di Latina sul cluster nella comunit\u00e0 Sikh dove\u00a0 sono stati trovati 86 contagiati dal covid ora trasferiti in due strutture messe a disposizione dai Comuni di Sabaudia e Latina. Il provvedimento sar\u00e0 ufficializzato da un&#8217;ordinanza della Regione Lazio attesa a minuti.<\/p>\n<p style=\"text-align: justify;\">&#8220;Abbiamo ritenuto necessario sterilizzare quella zona, che per\u00f2 non \u00e8 di facile controllo ed\u00a0 \u00e8 molto permeabile&#8221;, ha spiegato il Prefetto di Latina Maurizio Falco al termine dell&#8217;incontro ringraziando per la rapidit\u00e0 nelle decisioni i primi cittadini di Sabaudia Giada Gervasi e\u00a0 di Latina Damiano Coletta, entrambi coinvolti nella gestione del caso.\u00a0 L&#8217;ennesima situazione di difficile gestione in provincia di Latina.<\/p>\n<p style=\"text-align: justify;\">La Asl intanto \u00e8 al lavoro sul tracciamento e immaginare che non ci saranno ulteriori contagi derivati da questi \u00e8 chiaramente illusorio. &#8220;C&#8217;\u00e8 un aumento dei casi, Latina purtroppo \u00e8 in controtendenza &#8211;\u00a0 ha detto la direttrice generale della Asl di Latina, Silvia Cavalli &#8211; dalla prossima settimana continueremo i controlli sulle comunit\u00e0 indiane presenti sul territorio&#8221;.<\/p>\n<p>&nbsp;<\/p>\n<div class=\"radio-posizionamento-telefono-in-articoli-dopo-il-contenuto-articolo radio-entity-placement\" id=\"radio-2344490312\"><div id=\"radio-3809835010\"><a href=\"https:\/\/grupporedi.it\/\" aria-label=\"Redi-Qr\"><img loading=\"lazy\" decoding=\"async\" src=\"https:\/\/www.radioluna.it\/news\/wp-content\/uploads\/2026\/03\/Redi-Qr.jpg\" alt=\"\"  srcset=\"https:\/\/www.radioluna.it\/news\/wp-content\/uploads\/2026\/03\/Redi-Qr.jpg 800w, https:\/\/www.radioluna.it\/news\/wp-content\/uploads\/2026\/03\/Redi-Qr-768x639.jpg 768w\" sizes=\"(max-width: 800px) 100vw, 800px\" width=\"300\" height=\"250\"   \/><\/a><\/div><\/div>","protected":false},"excerpt":{"rendered":"<p>LATINA &#8211; Bella Farnia \u00e8 zona rossa. Nella frazione tra Latina e Sabaudia dove vivono centinaia di braccianti agricoli di origine indiana, che proprio con l&#8217;avvio della stagione della raccolta, aumentano, non si potr\u00e0 entrare n\u00e8 uscire, se non per giustificati motivi di salute, lavoro o urgenza. Le scuole del Comune di Sabaudia inoltre, lavoreranno [&hellip;]<\/p>\n","protected":false},"author":62,"featured_media":289536,"comment_status":"open","ping_status":"open","sticky":false,"template":"","format":"standard","meta":{"footnotes":""},"categories":[7],"tags":[],"class_list":["post-289535","post","type-post","status-publish","format-standard","has-post-thumbnail","hentry","category-cronaca"],"_links":{"self":[{"href":"https:\/\/www.radioluna.it\/news\/wp-json\/wp\/v2\/posts\/289535","targetHints":{"allow":["GET"]}}],"collection":[{"href":"https:\/\/www.radioluna.it\/news\/wp-json\/wp\/v2\/posts"}],"about":[{"href":"https:\/\/www.radioluna.it\/news\/wp-json\/wp\/v2\/types\/post"}],"author":[{"embeddable":true,"href":"https:\/\/www.radioluna.it\/news\/wp-json\/wp\/v2\/users\/62"}],"replies":[{"embeddable":true,"href":"https:\/\/www.radioluna.it\/news\/wp-json\/wp\/v2\/comments?post=289535"}],"version-history":[{"count":0,"href":"https:\/\/www.radioluna.it\/news\/wp-json\/wp\/v2\/posts\/289535\/revisions"}],"wp:featuredmedia":[{"embeddable":true,"href":"https:\/\/www.radioluna.it\/news\/wp-json\/wp\/v2\/media\/289536"}],"wp:attachment":[{"href":"https:\/\/www.radioluna.it\/news\/wp-json\/wp\/v2\/media?parent=289535"}],"wp:term":[{"taxonomy":"category","embeddable":true,"href":"https:\/\/www.radioluna.it\/news\/wp-json\/wp\/v2\/categories?post=289535"},{"taxonomy":"post_tag","embeddable":true,"href":"https:\/\/www.radioluna.it\/news\/wp-json\/wp\/v2\/tags?post=289535"}],"curies":[{"name":"wp","href":"https:\/\/api.w.org\/{rel}","templated":true}]}}