{"id":289600,"date":"2021-05-01T09:30:52","date_gmt":"2021-05-01T07:30:52","guid":{"rendered":"https:\/\/www.radioluna.it\/news\/?p=289600"},"modified":"2021-05-02T09:30:09","modified_gmt":"2021-05-02T07:30:09","slug":"tampon-tax-incontro-online-sulla-pagina-facebook-di-lbc","status":"publish","type":"post","link":"https:\/\/www.radioluna.it\/news\/2021\/05\/tampon-tax-incontro-online-sulla-pagina-facebook-di-lbc\/","title":{"rendered":"Tampon Tax, incontro online sulla pagina Facebook di LBC"},"content":{"rendered":"<div id=\"fb-root\"><\/div>\n<p style=\"text-align: justify;\"><strong>LATINA\u00a0<\/strong> &#8211; &#8220;<strong>Il ciclo mestruale non \u00e8 un lusso e l\u2019Iva al 22 per cento sui prodotti sanitari per le donne \u00e8 ingiusta ed iniqua<\/strong>&#8220;. Se ne parler\u00e0<strong> luned\u00ec 3 maggio alle 19<\/strong>, in diretta sulla <strong>pagina Facebook di Latina Bene Comune<\/strong>.<\/p>\n<p style=\"text-align: justify;\">Al centro del dibattito online ci sar\u00e0 la proposta di ridurre il prezzo dei prodotti igienici femminili del 20% nelle farmacie comunali, avanzata proprio da LBC in consiglio comunale attraverso una mozione. La soluzione, ideata con la collaborazione degli <strong>assessori Simona Lepori e Gianmarco Proietti<\/strong>, rispettivamente con delega alle Attivit\u00e0 produttive e al Bilancio, non comporter\u00e0 un taglio dell\u2019Iva, imposta sulla quale non sarebbe possibile intervenire, ma una riduzione di prezzo dei prodotti: il Comune, in sostanza, rinuncerebbe al guadagno derivante della vendita. Altre iniziative parallele poi dovrebbero partire anche nelle scuole.<\/p>\n<p style=\"text-align: justify;\">\u201cUn focus su questo argomento \u00e8 opportuno \u2013 spiegano<strong> la segretaria di LBC Elettra Ortu La Barbera,<\/strong> che molto si \u00e8 spesa per la proposta che approder\u00e0 in Consiglio, e <strong>la capogruppo Valeria Campagna<\/strong>, che l\u2019ha presentata \u2013 perch\u00e9 la tassa applicata \u00e8 assolutamente iniqua e tratta come beni di lusso prodotti che sono invece necessari e indispensabili per la met\u00e0 della popolazione, evidenziando un chiaro divario di genere. L\u2019idea \u00e8 quella di sensibilizzare la popolazione su questo tema e di mettere in atto delle azioni simboliche ma anche sostanziali che possano avere un impatto economico e di genere\u201d.<\/p>\n<p style=\"text-align: justify;\">Povert\u00e0 mestruale, crisi economica e il tab\u00f9 da sdoganare nel linguaggio per esserlo poi anche nella sostanza, saranno i temi affrontati. Si parler\u00e0 anche di impatto di genere e di come sia un tema universale e prioritario anche alla luce del nuovo PNRR presentato in questi giorni, e che presenta luci ed ombre su questo tema.<\/p>\n<p style=\"text-align: justify;\">L\u2019incontro, organizzato dalle due esponenti di LBC, vedr\u00e0 come ospiti<strong> la deputata del PD Chiara Gribaudo<\/strong> (fra le firmatarie dell\u2019<strong>emendamento sulla Tampon Tax alla legge di Bilancio<\/strong>) e <strong>la consigliera comunale Laura Sparavigna<\/strong>, prima firmataria della mozione per eliminare la Tampon Tax nel Comune di Firenze la quale condivider\u00e0 la sua esperienza nel capoluogo toscano, che \u00e8 stato il primo comune italiano ad aver approvato una mozione simile a quella di LBC proprio pochi giorni fa. Interverr\u00e0 il sindaco di Latina, Damiano Coletta.<\/p>\n<div class=\"radio-posizionamento-telefono-in-articoli-dopo-il-contenuto-articolo radio-entity-placement\" id=\"radio-1111137135\"><div id=\"radio-503959366\"><a href=\"https:\/\/www.simeoneceramiche.com\/\" aria-label=\"SIMEONE CERAMICHE GIF animata per radioluna_Tavola disegno 1 copia 2 (online-video-cutter.com)\"><img loading=\"lazy\" decoding=\"async\" src=\"https:\/\/www.radioluna.it\/news\/wp-content\/uploads\/2025\/05\/SIMEONE-CERAMICHE-GIF-animata-per-radioluna_Tavola-disegno-1-copia-2-online-video-cutter.com_.gif\" alt=\"\"  width=\"300\" height=\"250\"   \/><\/a><\/div><\/div>","protected":false},"excerpt":{"rendered":"<p>LATINA\u00a0 &#8211; &#8220;Il ciclo mestruale non \u00e8 un lusso e l\u2019Iva al 22 per cento sui prodotti sanitari per le donne \u00e8 ingiusta ed iniqua&#8220;. Se ne parler\u00e0 luned\u00ec 3 maggio alle 19, in diretta sulla pagina Facebook di Latina Bene Comune. Al centro del dibattito online ci sar\u00e0 la proposta di ridurre il prezzo [&hellip;]<\/p>\n","protected":false},"author":62,"featured_media":289628,"comment_status":"open","ping_status":"open","sticky":false,"template":"","format":"standard","meta":{"footnotes":""},"categories":[16],"tags":[],"class_list":["post-289600","post","type-post","status-publish","format-standard","has-post-thumbnail","hentry","category-appuntamenti"],"_links":{"self":[{"href":"https:\/\/www.radioluna.it\/news\/wp-json\/wp\/v2\/posts\/289600","targetHints":{"allow":["GET"]}}],"collection":[{"href":"https:\/\/www.radioluna.it\/news\/wp-json\/wp\/v2\/posts"}],"about":[{"href":"https:\/\/www.radioluna.it\/news\/wp-json\/wp\/v2\/types\/post"}],"author":[{"embeddable":true,"href":"https:\/\/www.radioluna.it\/news\/wp-json\/wp\/v2\/users\/62"}],"replies":[{"embeddable":true,"href":"https:\/\/www.radioluna.it\/news\/wp-json\/wp\/v2\/comments?post=289600"}],"version-history":[{"count":0,"href":"https:\/\/www.radioluna.it\/news\/wp-json\/wp\/v2\/posts\/289600\/revisions"}],"wp:featuredmedia":[{"embeddable":true,"href":"https:\/\/www.radioluna.it\/news\/wp-json\/wp\/v2\/media\/289628"}],"wp:attachment":[{"href":"https:\/\/www.radioluna.it\/news\/wp-json\/wp\/v2\/media?parent=289600"}],"wp:term":[{"taxonomy":"category","embeddable":true,"href":"https:\/\/www.radioluna.it\/news\/wp-json\/wp\/v2\/categories?post=289600"},{"taxonomy":"post_tag","embeddable":true,"href":"https:\/\/www.radioluna.it\/news\/wp-json\/wp\/v2\/tags?post=289600"}],"curies":[{"name":"wp","href":"https:\/\/api.w.org\/{rel}","templated":true}]}}