{"id":289689,"date":"2021-05-03T12:40:50","date_gmt":"2021-05-03T10:40:50","guid":{"rendered":"https:\/\/www.radioluna.it\/news\/?p=289689"},"modified":"2021-05-03T12:53:57","modified_gmt":"2021-05-03T10:53:57","slug":"giordana-angi-torna-ad-amici-e-canta-con-loredana-berte","status":"publish","type":"post","link":"https:\/\/www.radioluna.it\/news\/2021\/05\/giordana-angi-torna-ad-amici-e-canta-con-loredana-berte\/","title":{"rendered":"Giordana Angi torna ad Amici e canta con Loredana Bert\u00e8"},"content":{"rendered":"<div id=\"fb-root\"><\/div>\n<p style=\"text-align: justify;\"><strong>LATINA &#8211; <\/strong>Giordana Angi torna ad Amici e canta il nuovo singolo Tuttapposto con Loredana Bert\u00e8, facendo divertire e ballare (anche da seduti) i giudici del talent di Maria de Filippi. L&#8217;esibizione sabato notte, postata sui profili social della cantante partita da Aprilia dove vivono la mamma e la sorella.<\/p>\n<p style=\"text-align: justify;\">&#8220;Amici per me \u00e8 una casa. Casa \u00e8 quel posto dove ti senti accolto. Casa \u00e8 la mia prima canzone uscita. Sono cambiate tante cose eppure l\u2019emozione si moltiplica ogni volta. Fiera di cantare con Loredana su quel palco in cui sempre mi son sentita appoggiata e capita&#8221;, aveva dichiarato la cantante che il 14 aprile uscir\u00e0 con l&#8217;album Mi Muovo.<\/p>\n<p style=\"text-align: justify;\">&#8220;Mi sono divertita un sacco, lei \u00e8 strepitosa e il brano \u00e8 fantastico. Giordana \u00e8 una penna graffiante e io l&#8217;ho sempre sostenuta. Il suo talento \u00e8 palese&#8221;, ha detto Loredana Bert\u00e8 al termine dell&#8217;esibizione.<\/p>\n","protected":false},"excerpt":{"rendered":"<p>LATINA &#8211; Giordana Angi torna ad Amici e canta il nuovo singolo Tuttapposto con Loredana Bert\u00e8, facendo divertire e ballare (anche da seduti) i giudici del talent di Maria de Filippi. L&#8217;esibizione sabato notte, postata sui profili social della cantante partita da Aprilia dove vivono la mamma e la sorella. &#8220;Amici per me \u00e8 una [&hellip;]<\/p>\n","protected":false},"author":62,"featured_media":289690,"comment_status":"open","ping_status":"open","sticky":false,"template":"","format":"standard","meta":{"footnotes":""},"categories":[735],"tags":[2035,3468,23,4459,4458,4457],"class_list":["post-289689","post","type-post","status-publish","format-standard","has-post-thumbnail","hentry","category-attualita","tag-amici","tag-giordana-angi","tag-latina","tag-loredana-berte-giordana","tag-mi-muovo","tag-tuttapposto"],"_links":{"self":[{"href":"https:\/\/www.radioluna.it\/news\/wp-json\/wp\/v2\/posts\/289689","targetHints":{"allow":["GET"]}}],"collection":[{"href":"https:\/\/www.radioluna.it\/news\/wp-json\/wp\/v2\/posts"}],"about":[{"href":"https:\/\/www.radioluna.it\/news\/wp-json\/wp\/v2\/types\/post"}],"author":[{"embeddable":true,"href":"https:\/\/www.radioluna.it\/news\/wp-json\/wp\/v2\/users\/62"}],"replies":[{"embeddable":true,"href":"https:\/\/www.radioluna.it\/news\/wp-json\/wp\/v2\/comments?post=289689"}],"version-history":[{"count":0,"href":"https:\/\/www.radioluna.it\/news\/wp-json\/wp\/v2\/posts\/289689\/revisions"}],"wp:featuredmedia":[{"embeddable":true,"href":"https:\/\/www.radioluna.it\/news\/wp-json\/wp\/v2\/media\/289690"}],"wp:attachment":[{"href":"https:\/\/www.radioluna.it\/news\/wp-json\/wp\/v2\/media?parent=289689"}],"wp:term":[{"taxonomy":"category","embeddable":true,"href":"https:\/\/www.radioluna.it\/news\/wp-json\/wp\/v2\/categories?post=289689"},{"taxonomy":"post_tag","embeddable":true,"href":"https:\/\/www.radioluna.it\/news\/wp-json\/wp\/v2\/tags?post=289689"}],"curies":[{"name":"wp","href":"https:\/\/api.w.org\/{rel}","templated":true}]}}