{"id":289829,"date":"2021-05-05T12:15:23","date_gmt":"2021-05-05T10:15:23","guid":{"rendered":"https:\/\/www.radioluna.it\/news\/?p=289829"},"modified":"2021-05-06T11:01:51","modified_gmt":"2021-05-06T09:01:51","slug":"latina-prenotano-il-vaccino-ma-vanno-in-quarantena-maestre-fuori-dal-programma-di-prevenzione","status":"publish","type":"post","link":"https:\/\/www.radioluna.it\/news\/2021\/05\/latina-prenotano-il-vaccino-ma-vanno-in-quarantena-maestre-fuori-dal-programma-di-prevenzione\/","title":{"rendered":"Latina, prenotano il vaccino, ma vanno in quarantena: maestre fuori dal programma di prevenzione"},"content":{"rendered":"<div id=\"fb-root\"><\/div>\n<p style=\"text-align: justify;\"><strong>LATINA &#8211;<\/strong> Hanno prenotato il loro vaccino, come era previsto per la categoria degli insegnanti, tra febbraio e marzo, ma quando \u00e8 stato il loro turno, a met\u00e0 marzo, erano in quarantena per casi di positivit\u00e0 al covid riscontrati nelle loro classi e sono rimaste senza. E al danno si\u00a0 \u00e8 aggiunta la beffa. Quindi, oltre a dover restare chiuse in casa per giorni (anche pi\u00f9 volte durante l\u2019anno scolastico), un gruppo\u00a0 di insegnanti di scuola primaria di Latina, ha dovuto cancellare la prenotazione senza avere la possibilit\u00e0 di prendere un nuovo appuntamento, perch\u00e9 nel frattempo, la &#8220;finestra&#8221; si era irrimediabilmente chiusa.<\/p>\n<p style=\"text-align: justify;\">&#8220;Non potevamo certo violare l&#8217;isolamento domiciliare per andare in un centro vaccinale, e comunque non potevamo rischiare di fare il vaccino senza sapere se saremmo risultate positive al tampone. Ma non credevamo certo di restare escluse dal programma di prevenzione&#8221;, racconta una maestra. Il caso segnalatoci, non \u00e8 certo isolato. E&#8217; del tutto evidente, infatti, che altri insegnanti, appartenenti a vari istituti della provincia di Latina, possano aver trovato lo stesso identico intoppo. E nessuno\u00a0 ha saputo trovare una soluzione adeguata per mettere in sicurezza le lavoratrici prima della fine dell&#8217;anno scolastico.<\/p>\n<p style=\"text-align: justify;\">\u201cAbbiamo chiamato il numero regionale, poi abbiamo sentito i nostri medici curanti e infine la Asl di Latina, ma la risposta \u00e8 stata sempre la stessa, porte chiuse ovunque. \u00a0Per noi non c\u2019\u00e8 neanche una &#8220;panchina&#8221;, un turno di recupero &#8211; aggiunge Maria &#8211;\u00a0 Io ho 50 anni e probabilmente nell\u2019arco di un mese sar\u00f2 vaccinata con la mia fascia di et\u00e0, anche se per allora la scuola sar\u00e0 chiusa. Ma le mie colleghe pi\u00f9 giovani? Quando potranno farlo? Torneranno a settembre ancora non vaccinate?. E\u2019 un\u2019assurda incongruenza. Chiediamo che si trovi una soluzione\u201d.<\/p>\n<div class=\"radio-posizionamento-telefono-in-articoli-dopo-il-contenuto-articolo radio-entity-placement\" id=\"radio-1214408567\"><div id=\"radio-539999145\"><a href=\"https:\/\/www.simeoneceramiche.com\/\" aria-label=\"SIMEONE CERAMICHE GIF animata per radioluna_Tavola disegno 1 copia 2 (online-video-cutter.com)\"><img loading=\"lazy\" decoding=\"async\" src=\"https:\/\/www.radioluna.it\/news\/wp-content\/uploads\/2025\/05\/SIMEONE-CERAMICHE-GIF-animata-per-radioluna_Tavola-disegno-1-copia-2-online-video-cutter.com_.gif\" alt=\"\"  width=\"300\" height=\"250\"   \/><\/a><\/div><\/div>","protected":false},"excerpt":{"rendered":"<p>LATINA &#8211; Hanno prenotato il loro vaccino, come era previsto per la categoria degli insegnanti, tra febbraio e marzo, ma quando \u00e8 stato il loro turno, a met\u00e0 marzo, erano in quarantena per casi di positivit\u00e0 al covid riscontrati nelle loro classi e sono rimaste senza. E al danno si\u00a0 \u00e8 aggiunta la beffa. Quindi, [&hellip;]<\/p>\n","protected":false},"author":62,"featured_media":84705,"comment_status":"open","ping_status":"open","sticky":false,"template":"","format":"standard","meta":{"footnotes":""},"categories":[248],"tags":[4487,23,4485,2154,4486,4484],"class_list":["post-289829","post","type-post","status-publish","format-standard","has-post-thumbnail","hentry","category-istruzione","tag-covid-scuola-latina","tag-latina","tag-maestre-escluse-dal-programma-di-vaccinazione","tag-notizie-di-latina","tag-quarantena-scuola","tag-vaccini-insegnanti-latina"],"_links":{"self":[{"href":"https:\/\/www.radioluna.it\/news\/wp-json\/wp\/v2\/posts\/289829","targetHints":{"allow":["GET"]}}],"collection":[{"href":"https:\/\/www.radioluna.it\/news\/wp-json\/wp\/v2\/posts"}],"about":[{"href":"https:\/\/www.radioluna.it\/news\/wp-json\/wp\/v2\/types\/post"}],"author":[{"embeddable":true,"href":"https:\/\/www.radioluna.it\/news\/wp-json\/wp\/v2\/users\/62"}],"replies":[{"embeddable":true,"href":"https:\/\/www.radioluna.it\/news\/wp-json\/wp\/v2\/comments?post=289829"}],"version-history":[{"count":0,"href":"https:\/\/www.radioluna.it\/news\/wp-json\/wp\/v2\/posts\/289829\/revisions"}],"wp:featuredmedia":[{"embeddable":true,"href":"https:\/\/www.radioluna.it\/news\/wp-json\/wp\/v2\/media\/84705"}],"wp:attachment":[{"href":"https:\/\/www.radioluna.it\/news\/wp-json\/wp\/v2\/media?parent=289829"}],"wp:term":[{"taxonomy":"category","embeddable":true,"href":"https:\/\/www.radioluna.it\/news\/wp-json\/wp\/v2\/categories?post=289829"},{"taxonomy":"post_tag","embeddable":true,"href":"https:\/\/www.radioluna.it\/news\/wp-json\/wp\/v2\/tags?post=289829"}],"curies":[{"name":"wp","href":"https:\/\/api.w.org\/{rel}","templated":true}]}}