{"id":289866,"date":"2021-05-05T17:35:00","date_gmt":"2021-05-05T15:35:00","guid":{"rendered":"https:\/\/www.radioluna.it\/news\/?p=289866"},"modified":"2021-05-05T17:35:00","modified_gmt":"2021-05-05T15:35:00","slug":"cinema-dalla-regione-lazio-un-altro-milione-di-euro-per-la-ripartenza","status":"publish","type":"post","link":"https:\/\/www.radioluna.it\/news\/2021\/05\/cinema-dalla-regione-lazio-un-altro-milione-di-euro-per-la-ripartenza\/","title":{"rendered":"Cinema, dalla Regione Lazio un altro milione di euro per la ripartenza"},"content":{"rendered":"<div id=\"fb-root\"><\/div>\n<p style=\"text-align: justify;\"><strong>LAZIO &#8211;<\/strong> Il settore del cinema, come in generale tutto il mondo della cultura, \u00e8 stato duramente colpito dalla pandemia. In questi mesi di crisi e difficolt\u00e0 economiche come Regione Lazio abbiamo messo in campo numerose iniziative per essere al loro fianco ed offrire un sostegno concreto prima per affrontare l\u2019emergenza e adesso per aiutare nella ripartenza. Sono tre gli interventi che abbiamo promosso: per un totale di quasi 3 milioni e mezzo di euro erogati da marzo dello scorso anno, ai quali stiamo per aggiungere un nuovo bando da 1mln che uscir\u00e0 nei prossimi giorni per i cinema che avranno garantito un numero minimo di giornate di apertura fino ad agosto\u201d. Lo ha annunciato il Presidente della Regione Lazio, Nicola Zingaretti che \u00a0ha partecipato oggi pomeriggio all\u2019incontro \u201cRitorno al Cinema\u201d, ultimo dei due appuntamenti sulla ripartenza del mercato cinematografico dal titolo \u2018Ritorno al Cinema &#8211; La promozione, il prodotto, il sostegno del MIC\u2019, iniziativa promossa all\u2019interno delle Giornate Professionali di Cinema \u201cReload\u201d e trasmessa in streaming sul portale www.giornatedicinema.it.<\/p>\n<p style=\"text-align: justify;\">\u201cIl Lazio \u00e8 la regione italiana che investe di pi\u00f9 nel comparto cinema, la seconda in Europa: dal 2013 abbiamo investito circa 150 milioni di euro a sostegno del settore del cinema e dell\u2019audiovisivo. Stiamo definendo la programmazione dei fondi europei 21-27, e il sostegno all\u2019audiovisivo sar\u00e0 una delle azioni strategiche. Entro la fine del mese apre la nuova finestra da 5mln di euro anche per il bando Lazio Cinema International che ha sempre raccolto consensi per le sue peculiarit\u00e0. Per soddisfare tutte le richieste arrivate, permettendo cos\u00ec lo scorrimento delle graduatorie, abbiamo aumentato di 2,8mln anche le risorse sull\u2019ultima finestra \u2013 ha aggiunto ancora il Presidente &#8211; Abbiamo tutti un\u2019enorme voglia di cinema e la riapertura delle sale da qualche giorno \u00e8 stata sicuramente un bel segnale di ritorno alla vita. Dopo un anno di film in televisione a casa, la possibilit\u00e0 di accedere finalmente al grande schermo, seppure con il limite del 50% e purtroppo con tante sale ancora chiuse, \u00e8 stata per chi ama questo settore artistico e per chi ci lavora una boccata d\u2019ossigeno. Non dimentichiamo che il Lazio \u00e8 la regione italiana che \u00e8 stata pi\u00f9 di tutte in fascia gialla: 108 giorni con oggi. E continueremo a fare di tutto per conservare questo record, anche per non richiudere le sale e consentire ai cinema di continuare a proiettare film. Allo stesso tempo non possiamo abbassare la guardia: torniamo alla vita di prima, ma facciamolo in totale sicurezza e senza dimenticare il diritto di tutti noi alla salute\u201d.<\/p>\n","protected":false},"excerpt":{"rendered":"<p>LAZIO &#8211; Il settore del cinema, come in generale tutto il mondo della cultura, \u00e8 stato duramente colpito dalla pandemia. In questi mesi di crisi e difficolt\u00e0 economiche come Regione Lazio abbiamo messo in campo numerose iniziative per essere al loro fianco ed offrire un sostegno concreto prima per affrontare l\u2019emergenza e adesso per aiutare [&hellip;]<\/p>\n","protected":false},"author":60,"featured_media":273036,"comment_status":"open","ping_status":"open","sticky":false,"template":"","format":"standard","meta":{"footnotes":""},"categories":[735],"tags":[],"class_list":["post-289866","post","type-post","status-publish","format-standard","has-post-thumbnail","hentry","category-attualita"],"_links":{"self":[{"href":"https:\/\/www.radioluna.it\/news\/wp-json\/wp\/v2\/posts\/289866","targetHints":{"allow":["GET"]}}],"collection":[{"href":"https:\/\/www.radioluna.it\/news\/wp-json\/wp\/v2\/posts"}],"about":[{"href":"https:\/\/www.radioluna.it\/news\/wp-json\/wp\/v2\/types\/post"}],"author":[{"embeddable":true,"href":"https:\/\/www.radioluna.it\/news\/wp-json\/wp\/v2\/users\/60"}],"replies":[{"embeddable":true,"href":"https:\/\/www.radioluna.it\/news\/wp-json\/wp\/v2\/comments?post=289866"}],"version-history":[{"count":0,"href":"https:\/\/www.radioluna.it\/news\/wp-json\/wp\/v2\/posts\/289866\/revisions"}],"wp:featuredmedia":[{"embeddable":true,"href":"https:\/\/www.radioluna.it\/news\/wp-json\/wp\/v2\/media\/273036"}],"wp:attachment":[{"href":"https:\/\/www.radioluna.it\/news\/wp-json\/wp\/v2\/media?parent=289866"}],"wp:term":[{"taxonomy":"category","embeddable":true,"href":"https:\/\/www.radioluna.it\/news\/wp-json\/wp\/v2\/categories?post=289866"},{"taxonomy":"post_tag","embeddable":true,"href":"https:\/\/www.radioluna.it\/news\/wp-json\/wp\/v2\/tags?post=289866"}],"curies":[{"name":"wp","href":"https:\/\/api.w.org\/{rel}","templated":true}]}}