{"id":290201,"date":"2021-05-11T17:05:56","date_gmt":"2021-05-11T15:05:56","guid":{"rendered":"https:\/\/www.radioluna.it\/news\/?p=290201"},"modified":"2021-05-15T09:36:09","modified_gmt":"2021-05-15T07:36:09","slug":"cluster-covid-a-bella-farnia-la-variante-indiana-ce-emerso-il-primo-caso","status":"publish","type":"post","link":"https:\/\/www.radioluna.it\/news\/2021\/05\/cluster-covid-a-bella-farnia-la-variante-indiana-ce-emerso-il-primo-caso\/","title":{"rendered":"Cluster covid a Bella Farnia, la variante indiana c&#8217;\u00e8. Emerso il primo caso"},"content":{"rendered":"<div id=\"fb-root\"><\/div>\n<p style=\"text-align: justify;\"><strong>LATINA &#8211;<\/strong> <a href=\"https:\/\/www.radioluna.it\/news\/2021\/05\/bollettino-covid-11-maggio-a-latina-e-provincia-scendono-i-contagi-sono-31-in-11-comuni\/\">Oggi numero pi\u00f9 basso di positivi negli ultimi sette mesi<\/a>, ma in provincia di Latina <strong>arriva la variante indiana<\/strong>. Nel cluster di Bella Farnia infatti \u00e8 emerso il caso, all\u2019interno della microzona rossa. Ne ha dato notizia l&#8217;assessore alla Sanit\u00e0 della Regione Lazio, Alessio D&#8217;Amato, dopo i risultati sui campioni processati allo Spallanzani dopo lo screening eseguito dalla Asl di Latina sulla comunit\u00e0 Sikh. &#8220;Il cittadino\u00a0 &#8211; scrivono dall&#8217;assessorato alla sanit\u00e0 del Lazio &#8211; \u00e8 attualmente in quarantena vigilata dalla Asl&#8221;. E, data la sua elevata trasmissibilit\u00e0, il caso potrebbe non restare isolato.<\/p>\n<p style=\"text-align: justify;\">L&#8217;Organizzazione Mondiale della Sanit\u00e0 ha reso noto che, alcuni studi effettuati in laboratorio, rivelerebbero che la variante del covid B.1.617, scoperta in India, sembra infatti avere oltre che una maggiore capacit\u00e0 diffusiva, anche una maggiore resistenza ai vaccini attualmente in uso.<\/p>\n<p style=\"text-align: justify;\"><strong>NEL LAZIO\u00a0<\/strong> &#8211; Buone notizie invece dai contagi. Oggi nel Lazio 635 nuovi casi positivi (-45) ed \u00e8 il numero pi\u00f9 basso di positivi negli ultimi sette mesi che evidenzia una forte frenata nei contagi; sono stati invece 40 i decessi (+23) e\u00a0 + 1.230 i guariti. Diminuiscono i casi, forte calo delle terapie intensive e calo dei ricoverati. Il rapporto tra positivi e tamponi \u00e8 a 4.7%, ma se consideriamo anche gli antigenici la percentuale scende al 2.4%.<\/p>\n<div class=\"radio-posizionamento-telefono-in-articoli-dopo-il-contenuto-articolo radio-entity-placement\" id=\"radio-542883406\"><div id=\"radio-2083349395\"><a href=\"https:\/\/grupporedi.it\/\" aria-label=\"Redi-Qr\"><img loading=\"lazy\" decoding=\"async\" src=\"https:\/\/www.radioluna.it\/news\/wp-content\/uploads\/2026\/03\/Redi-Qr.jpg\" alt=\"\"  srcset=\"https:\/\/www.radioluna.it\/news\/wp-content\/uploads\/2026\/03\/Redi-Qr.jpg 800w, https:\/\/www.radioluna.it\/news\/wp-content\/uploads\/2026\/03\/Redi-Qr-768x639.jpg 768w\" sizes=\"(max-width: 800px) 100vw, 800px\" width=\"300\" height=\"250\"   \/><\/a><\/div><\/div>","protected":false},"excerpt":{"rendered":"<p>LATINA &#8211; Oggi numero pi\u00f9 basso di positivi negli ultimi sette mesi, ma in provincia di Latina arriva la variante indiana. Nel cluster di Bella Farnia infatti \u00e8 emerso il caso, all\u2019interno della microzona rossa. Ne ha dato notizia l&#8217;assessore alla Sanit\u00e0 della Regione Lazio, Alessio D&#8217;Amato, dopo i risultati sui campioni processati allo Spallanzani [&hellip;]<\/p>\n","protected":false},"author":62,"featured_media":290211,"comment_status":"open","ping_status":"open","sticky":false,"template":"","format":"standard","meta":{"footnotes":""},"categories":[7],"tags":[23,2154,124,4550,4549],"class_list":["post-290201","post","type-post","status-publish","format-standard","has-post-thumbnail","hentry","category-cronaca","tag-latina","tag-notizie-di-latina","tag-sabaudia","tag-variante-indiana","tag-variante-indiana-a-bella-farnia"],"_links":{"self":[{"href":"https:\/\/www.radioluna.it\/news\/wp-json\/wp\/v2\/posts\/290201","targetHints":{"allow":["GET"]}}],"collection":[{"href":"https:\/\/www.radioluna.it\/news\/wp-json\/wp\/v2\/posts"}],"about":[{"href":"https:\/\/www.radioluna.it\/news\/wp-json\/wp\/v2\/types\/post"}],"author":[{"embeddable":true,"href":"https:\/\/www.radioluna.it\/news\/wp-json\/wp\/v2\/users\/62"}],"replies":[{"embeddable":true,"href":"https:\/\/www.radioluna.it\/news\/wp-json\/wp\/v2\/comments?post=290201"}],"version-history":[{"count":0,"href":"https:\/\/www.radioluna.it\/news\/wp-json\/wp\/v2\/posts\/290201\/revisions"}],"wp:featuredmedia":[{"embeddable":true,"href":"https:\/\/www.radioluna.it\/news\/wp-json\/wp\/v2\/media\/290211"}],"wp:attachment":[{"href":"https:\/\/www.radioluna.it\/news\/wp-json\/wp\/v2\/media?parent=290201"}],"wp:term":[{"taxonomy":"category","embeddable":true,"href":"https:\/\/www.radioluna.it\/news\/wp-json\/wp\/v2\/categories?post=290201"},{"taxonomy":"post_tag","embeddable":true,"href":"https:\/\/www.radioluna.it\/news\/wp-json\/wp\/v2\/tags?post=290201"}],"curies":[{"name":"wp","href":"https:\/\/api.w.org\/{rel}","templated":true}]}}